{"id":13212,"date":"2022-07-27T15:42:27","date_gmt":"2022-07-27T21:42:27","guid":{"rendered":"https:\/\/gobernacionaltaverapaz.gob.gt\/?p=13212"},"modified":"2022-08-03T11:24:18","modified_gmt":"2022-08-03T17:24:18","slug":"entrega-de-rboles-frutales-beneficiando-la-produccin-desarrollo-econmico-de-cada-familia","status":"publish","type":"post","link":"https:\/\/gobernacionaltaverapaz.gob.gt\/?p=13212","title":{"rendered":"Entrega de \u00e1rboles frutales beneficiando la producci\u00f3n y desarrollo econ\u00f3mico de cada familia"},"content":{"rendered":"<div class=\"kvgmc6g5 cxmmr5t8 oygrvhab hcukyx3x c1et5uql ii04i59q\">\n<div dir=\"auto\" style=\"text-align: justify;\"><a class=\"oajrlxb2 g5ia77u1 qu0x051f esr5mh6w e9989ue4 r7d6kgcz rq0escxv nhd2j8a9 nc684nl6 p7hjln8o kvgmc6g5 cxmmr5t8 oygrvhab hcukyx3x jb3vyjys rz4wbd8a qt6c0cv9 a8nywdso i1ao9s8h esuyzwwr f1sip0of lzcic4wl gpro0wi8 q66pz984 b1v8xokw\" tabindex=\"0\" role=\"link\" href=\"https:\/\/www.facebook.com\/hashtag\/maga?__eep__=6&amp;__cft__[0]=AZWBj6kS-CfIiqx8eA8yD3Hprf9k_zN5XbdXRbXgWTtrccVJTFHbJVh-RYzWelKYSfrX9w2LtDig16zru4l-8U4IEEuSuIiE8SxuoJl361VprPfcRaRxwaYAv7K8dRhQlJhOArBZtD0lUNqJ1LSEHU9gjFhfot0-8qEjlR1AwzOmMQ&amp;__tn__=*NK-R\">#MAGA<\/a> La Delegaci\u00f3n Departamental del Ministerio de Agricultura Ganader\u00eda y Alimentaci\u00f3n de Alta Verapaz, a trav\u00e9s de la Agencia Municipal de Extensi\u00f3n Rural <a class=\"oajrlxb2 g5ia77u1 qu0x051f esr5mh6w e9989ue4 r7d6kgcz rq0escxv nhd2j8a9 nc684nl6 p7hjln8o kvgmc6g5 cxmmr5t8 oygrvhab hcukyx3x jb3vyjys rz4wbd8a qt6c0cv9 a8nywdso i1ao9s8h esuyzwwr f1sip0of lzcic4wl gpro0wi8 q66pz984 b1v8xokw\" tabindex=\"0\" role=\"link\" href=\"https:\/\/www.facebook.com\/hashtag\/amer?__eep__=6&amp;__cft__[0]=AZWBj6kS-CfIiqx8eA8yD3Hprf9k_zN5XbdXRbXgWTtrccVJTFHbJVh-RYzWelKYSfrX9w2LtDig16zru4l-8U4IEEuSuIiE8SxuoJl361VprPfcRaRxwaYAv7K8dRhQlJhOArBZtD0lUNqJ1LSEHU9gjFhfot0-8qEjlR1AwzOmMQ&amp;__tn__=*NK-R\">#AMER<\/a> Panz\u00f3s hizo entrega de 2,000 \u00e1rboles frutales (Rambutan) beneficiando a 1,000 familias que integran grupos <a class=\"oajrlxb2 g5ia77u1 qu0x051f esr5mh6w e9989ue4 r7d6kgcz rq0escxv nhd2j8a9 nc684nl6 p7hjln8o kvgmc6g5 cxmmr5t8 oygrvhab hcukyx3x jb3vyjys rz4wbd8a qt6c0cv9 a8nywdso i1ao9s8h esuyzwwr f1sip0of lzcic4wl gpro0wi8 q66pz984 b1v8xokw\" tabindex=\"0\" role=\"link\" href=\"https:\/\/www.facebook.com\/hashtag\/cader?__eep__=6&amp;__cft__[0]=AZWBj6kS-CfIiqx8eA8yD3Hprf9k_zN5XbdXRbXgWTtrccVJTFHbJVh-RYzWelKYSfrX9w2LtDig16zru4l-8U4IEEuSuIiE8SxuoJl361VprPfcRaRxwaYAv7K8dRhQlJhOArBZtD0lUNqJ1LSEHU9gjFhfot0-8qEjlR1AwzOmMQ&amp;__tn__=*NK-R\">#CADER<\/a>, adem\u00e1s de 150 bolsas de semilla de Frijol ICTA Ligero de 25 libras y 150 bolsas de semilla de Ma\u00edz ICTA B-15 de 25 libras a 150 promotores voluntarios, tambi\u00e9n se realiz\u00f3 la entrega de 50 bolsas de semilla de 10 libras de Frijol ICTA Peten e ICTA Sayaxche, 350 bolsas de semilla de 10 libras de Ma\u00edz (ICTA B7, ICTA HB17 e ICTA B15) y 100 bolsas de 10 libras de semilla de Sorgo ICTA Rendidor a 500 agricultores, beneficiando a 17 comunidades del \u00e1rea rural del municipio con el objetivo de contribuir al proceso de producci\u00f3n y desarrollo econ\u00f3mico de cada familia.<\/div>\n<\/div>\n<div class=\"cxmmr5t8 oygrvhab hcukyx3x c1et5uql o9v6fnle ii04i59q\">\n<div dir=\"auto\" style=\"text-align: justify;\">Esta acci\u00f3n fue realizada en coordinaci\u00f3n con el departamento de <a class=\"oajrlxb2 g5ia77u1 qu0x051f esr5mh6w e9989ue4 r7d6kgcz rq0escxv nhd2j8a9 nc684nl6 p7hjln8o kvgmc6g5 cxmmr5t8 oygrvhab hcukyx3x jb3vyjys rz4wbd8a qt6c0cv9 a8nywdso i1ao9s8h esuyzwwr f1sip0of lzcic4wl gpro0wi8 q66pz984 b1v8xokw\" tabindex=\"0\" role=\"link\" href=\"https:\/\/www.facebook.com\/hashtag\/visan?__eep__=6&amp;__cft__[0]=AZWBj6kS-CfIiqx8eA8yD3Hprf9k_zN5XbdXRbXgWTtrccVJTFHbJVh-RYzWelKYSfrX9w2LtDig16zru4l-8U4IEEuSuIiE8SxuoJl361VprPfcRaRxwaYAv7K8dRhQlJhOArBZtD0lUNqJ1LSEHU9gjFhfot0-8qEjlR1AwzOmMQ&amp;__tn__=*NK-R\">#VISAN<\/a> del <a class=\"oajrlxb2 g5ia77u1 qu0x051f esr5mh6w e9989ue4 r7d6kgcz rq0escxv nhd2j8a9 nc684nl6 p7hjln8o kvgmc6g5 cxmmr5t8 oygrvhab hcukyx3x jb3vyjys rz4wbd8a qt6c0cv9 a8nywdso i1ao9s8h esuyzwwr f1sip0of lzcic4wl gpro0wi8 q66pz984 b1v8xokw\" tabindex=\"0\" role=\"link\" href=\"https:\/\/www.facebook.com\/hashtag\/maga?__eep__=6&amp;__cft__[0]=AZWBj6kS-CfIiqx8eA8yD3Hprf9k_zN5XbdXRbXgWTtrccVJTFHbJVh-RYzWelKYSfrX9w2LtDig16zru4l-8U4IEEuSuIiE8SxuoJl361VprPfcRaRxwaYAv7K8dRhQlJhOArBZtD0lUNqJ1LSEHU9gjFhfot0-8qEjlR1AwzOmMQ&amp;__tn__=*NK-R\">#MAGA<\/a> Y <a class=\"oajrlxb2 g5ia77u1 qu0x051f esr5mh6w e9989ue4 r7d6kgcz rq0escxv nhd2j8a9 nc684nl6 p7hjln8o kvgmc6g5 cxmmr5t8 oygrvhab hcukyx3x jb3vyjys rz4wbd8a qt6c0cv9 a8nywdso i1ao9s8h esuyzwwr f1sip0of lzcic4wl gpro0wi8 q66pz984 b1v8xokw\" tabindex=\"0\" role=\"link\" href=\"https:\/\/www.facebook.com\/hashtag\/fao?__eep__=6&amp;__cft__[0]=AZWBj6kS-CfIiqx8eA8yD3Hprf9k_zN5XbdXRbXgWTtrccVJTFHbJVh-RYzWelKYSfrX9w2LtDig16zru4l-8U4IEEuSuIiE8SxuoJl361VprPfcRaRxwaYAv7K8dRhQlJhOArBZtD0lUNqJ1LSEHU9gjFhfot0-8qEjlR1AwzOmMQ&amp;__tn__=*NK-R\">#FAO<\/a> quienes donaron los insumos gracias a la Gesti\u00f3n de la Agencia Municipal de Extensi\u00f3n Rural (AMER) y la Municipalidad de Panz\u00f3s Alta Verapaz.<\/div>\n<\/div>\n<p>&nbsp;<\/p>\n","protected":false},"excerpt":{"rendered":"<p>#MAGA La Delegaci\u00f3n Departamental del Ministerio de Agricultura Ganader\u00eda y Alimentaci\u00f3n de Alta Verapaz, a trav\u00e9s de la Agencia Municipal de Extensi\u00f3n Rural #AMER Panz\u00f3s hizo entrega de 2,000 \u00e1rboles frutales (Rambutan) beneficiando a 1,000 familias que integran grupos #CADER, adem\u00e1s de 150 bolsas de semilla de Frijol ICTA Ligero de 25 libras y 150 [&hellip;]<\/p>\n","protected":false},"author":1,"featured_media":13213,"comment_status":"closed","ping_status":"open","sticky":false,"template":"","format":"gallery","meta":[],"categories":[7],"tags":[178],"_links":{"self":[{"href":"https:\/\/gobernacionaltaverapaz.gob.gt\/index.php?rest_route=\/wp\/v2\/posts\/13212"}],"collection":[{"href":"https:\/\/gobernacionaltaverapaz.gob.gt\/index.php?rest_route=\/wp\/v2\/posts"}],"about":[{"href":"https:\/\/gobernacionaltaverapaz.gob.gt\/index.php?rest_route=\/wp\/v2\/types\/post"}],"author":[{"embeddable":true,"href":"https:\/\/gobernacionaltaverapaz.gob.gt\/index.php?rest_route=\/wp\/v2\/users\/1"}],"replies":[{"embeddable":true,"href":"https:\/\/gobernacionaltaverapaz.gob.gt\/index.php?rest_route=%2Fwp%2Fv2%2Fcomments&post=13212"}],"version-history":[{"count":1,"href":"https:\/\/gobernacionaltaverapaz.gob.gt\/index.php?rest_route=\/wp\/v2\/posts\/13212\/revisions"}],"predecessor-version":[{"id":13214,"href":"https:\/\/gobernacionaltaverapaz.gob.gt\/index.php?rest_route=\/wp\/v2\/posts\/13212\/revisions\/13214"}],"wp:featuredmedia":[{"embeddable":true,"href":"https:\/\/gobernacionaltaverapaz.gob.gt\/index.php?rest_route=\/wp\/v2\/media\/13213"}],"wp:attachment":[{"href":"https:\/\/gobernacionaltaverapaz.gob.gt\/index.php?rest_route=%2Fwp%2Fv2%2Fmedia&parent=13212"}],"wp:term":[{"taxonomy":"category","embeddable":true,"href":"https:\/\/gobernacionaltaverapaz.gob.gt\/index.php?rest_route=%2Fwp%2Fv2%2Fcategories&post=13212"},{"taxonomy":"post_tag","embeddable":true,"href":"https:\/\/gobernacionaltaverapaz.gob.gt\/index.php?rest_route=%2Fwp%2Fv2%2Ftags&post=13212"}],"curies":[{"name":"wp","href":"https:\/\/api.w.org\/{rel}","templated":true}]}}