{"id":13228,"date":"2022-07-27T19:12:05","date_gmt":"2022-07-28T01:12:05","guid":{"rendered":"https:\/\/gobernacionaltaverapaz.gob.gt\/?p=13228"},"modified":"2022-08-03T12:54:16","modified_gmt":"2022-08-03T18:54:16","slug":"creando-lazos-de-cooperacin-entre-instituciones-beneficien-la-poblacin","status":"publish","type":"post","link":"https:\/\/gobernacionaltaverapaz.gob.gt\/?p=13228","title":{"rendered":"Creando lazos de cooperaci\u00f3n entre instituciones que beneficien a la poblaci\u00f3n"},"content":{"rendered":"<p style=\"text-align: justify;\"><span class=\"d2edcug0 hpfvmrgz qv66sw1b c1et5uql lr9zc1uh a8c37x1j fe6kdd0r mau55g9w c8b282yb keod5gw0 nxhoafnm aigsh9s9 d3f4x2em iv3no6db jq4qci2q a3bd9o3v b1v8xokw oo9gr5id hzawbc8m\" dir=\"auto\">Dr. Fernando Rodr\u00edguez Klarck Gobernador de Alta Verapaz, sostuvo reuni\u00f3n con representante de la Asociaci\u00f3n de Entidades Locales Vascas Cooperantes EUSKAL FONDOA, y delegados de la Fundaci\u00f3n Iniciativa Civil por la Democracia INCIDE, con el objetivo de crear lazos de cooperaci\u00f3n entre instituciones que beneficien a la poblaci\u00f3n Altaverapacense.<\/span><\/p>\n<p>&nbsp;<\/p>\n<div><\/div>\n<p>&nbsp;<\/p>\n","protected":false},"excerpt":{"rendered":"<p>Dr. Fernando Rodr\u00edguez Klarck Gobernador de Alta Verapaz, sostuvo reuni\u00f3n con representante de la Asociaci\u00f3n de Entidades Locales Vascas Cooperantes EUSKAL FONDOA, y delegados de la Fundaci\u00f3n Iniciativa Civil por la Democracia INCIDE, con el objetivo de crear lazos de cooperaci\u00f3n entre instituciones que beneficien a la poblaci\u00f3n Altaverapacense. &nbsp; &nbsp;<\/p>\n","protected":false},"author":1,"featured_media":13225,"comment_status":"closed","ping_status":"open","sticky":false,"template":"","format":"gallery","meta":[],"categories":[194],"tags":[178],"_links":{"self":[{"href":"https:\/\/gobernacionaltaverapaz.gob.gt\/index.php?rest_route=\/wp\/v2\/posts\/13228"}],"collection":[{"href":"https:\/\/gobernacionaltaverapaz.gob.gt\/index.php?rest_route=\/wp\/v2\/posts"}],"about":[{"href":"https:\/\/gobernacionaltaverapaz.gob.gt\/index.php?rest_route=\/wp\/v2\/types\/post"}],"author":[{"embeddable":true,"href":"https:\/\/gobernacionaltaverapaz.gob.gt\/index.php?rest_route=\/wp\/v2\/users\/1"}],"replies":[{"embeddable":true,"href":"https:\/\/gobernacionaltaverapaz.gob.gt\/index.php?rest_route=%2Fwp%2Fv2%2Fcomments&post=13228"}],"version-history":[{"count":1,"href":"https:\/\/gobernacionaltaverapaz.gob.gt\/index.php?rest_route=\/wp\/v2\/posts\/13228\/revisions"}],"predecessor-version":[{"id":13229,"href":"https:\/\/gobernacionaltaverapaz.gob.gt\/index.php?rest_route=\/wp\/v2\/posts\/13228\/revisions\/13229"}],"wp:featuredmedia":[{"embeddable":true,"href":"https:\/\/gobernacionaltaverapaz.gob.gt\/index.php?rest_route=\/wp\/v2\/media\/13225"}],"wp:attachment":[{"href":"https:\/\/gobernacionaltaverapaz.gob.gt\/index.php?rest_route=%2Fwp%2Fv2%2Fmedia&parent=13228"}],"wp:term":[{"taxonomy":"category","embeddable":true,"href":"https:\/\/gobernacionaltaverapaz.gob.gt\/index.php?rest_route=%2Fwp%2Fv2%2Fcategories&post=13228"},{"taxonomy":"post_tag","embeddable":true,"href":"https:\/\/gobernacionaltaverapaz.gob.gt\/index.php?rest_route=%2Fwp%2Fv2%2Ftags&post=13228"}],"curies":[{"name":"wp","href":"https:\/\/api.w.org\/{rel}","templated":true}]}}