{"id":13237,"date":"2022-07-28T08:50:31","date_gmt":"2022-07-28T14:50:31","guid":{"rendered":"https:\/\/gobernacionaltaverapaz.gob.gt\/?p=13237"},"modified":"2022-08-03T12:11:14","modified_gmt":"2022-08-03T18:11:14","slug":"se-realiz-de-forma-pacfica-desalojo-en-finca-santa-sofa","status":"publish","type":"post","link":"https:\/\/gobernacionaltaverapaz.gob.gt\/?p=13237","title":{"rendered":"Se realiz\u00f3 de forma pac\u00edfica un desalojo en finca Santa Sof\u00eda"},"content":{"rendered":"<p style=\"text-align: justify;\"><span class=\"d2edcug0 hpfvmrgz qv66sw1b c1et5uql lr9zc1uh a8c37x1j fe6kdd0r mau55g9w c8b282yb keod5gw0 nxhoafnm aigsh9s9 d3f4x2em iv3no6db jq4qci2q a3bd9o3v b1v8xokw oo9gr5id hzawbc8m\" dir=\"auto\">Dr. Fernando Rodr\u00edguez Klarck, Gobernador de Alta Verapaz, agradece la eficiencia y eficacia de la Polic\u00eda Nacional Civil e instituciones participantes; <a class=\"oajrlxb2 g5ia77u1 qu0x051f esr5mh6w e9989ue4 r7d6kgcz rq0escxv nhd2j8a9 nc684nl6 p7hjln8o kvgmc6g5 cxmmr5t8 oygrvhab hcukyx3x jb3vyjys rz4wbd8a qt6c0cv9 a8nywdso i1ao9s8h esuyzwwr f1sip0of lzcic4wl gpro0wi8 q66pz984 b1v8xokw\" tabindex=\"0\" role=\"link\" href=\"https:\/\/www.facebook.com\/hashtag\/pdh?__eep__=6&amp;__cft__[0]=AZX90z76xE6Pzn_iekkmSVPcuKWawdC5IxvP_Ba4aqzY2XOp9aiuXzicV8CI0rOvVCtE_mjMSAEpk3TX4QOZlsEh1nx86dWRpc0lIsF6cYuCdGoYUi9SvSRksSHHraU6urcLFTlOQqe6iaWuAbP1GmzoGv-lZA2Tvqm-k-uP8GLDxg&amp;__tn__=*NK-R\">#PDH<\/a>, <a class=\"oajrlxb2 g5ia77u1 qu0x051f esr5mh6w e9989ue4 r7d6kgcz rq0escxv nhd2j8a9 nc684nl6 p7hjln8o kvgmc6g5 cxmmr5t8 oygrvhab hcukyx3x jb3vyjys rz4wbd8a qt6c0cv9 a8nywdso i1ao9s8h esuyzwwr f1sip0of lzcic4wl gpro0wi8 q66pz984 b1v8xokw\" tabindex=\"0\" role=\"link\" href=\"https:\/\/www.facebook.com\/hashtag\/copadeh?__eep__=6&amp;__cft__[0]=AZX90z76xE6Pzn_iekkmSVPcuKWawdC5IxvP_Ba4aqzY2XOp9aiuXzicV8CI0rOvVCtE_mjMSAEpk3TX4QOZlsEh1nx86dWRpc0lIsF6cYuCdGoYUi9SvSRksSHHraU6urcLFTlOQqe6iaWuAbP1GmzoGv-lZA2Tvqm-k-uP8GLDxg&amp;__tn__=*NK-R\">#COPADEH<\/a> y <a class=\"oajrlxb2 g5ia77u1 qu0x051f esr5mh6w e9989ue4 r7d6kgcz rq0escxv nhd2j8a9 nc684nl6 p7hjln8o kvgmc6g5 cxmmr5t8 oygrvhab hcukyx3x jb3vyjys rz4wbd8a qt6c0cv9 a8nywdso i1ao9s8h esuyzwwr f1sip0of lzcic4wl gpro0wi8 q66pz984 b1v8xokw\" tabindex=\"0\" role=\"link\" href=\"https:\/\/www.facebook.com\/hashtag\/mp?__eep__=6&amp;__cft__[0]=AZX90z76xE6Pzn_iekkmSVPcuKWawdC5IxvP_Ba4aqzY2XOp9aiuXzicV8CI0rOvVCtE_mjMSAEpk3TX4QOZlsEh1nx86dWRpc0lIsF6cYuCdGoYUi9SvSRksSHHraU6urcLFTlOQqe6iaWuAbP1GmzoGv-lZA2Tvqm-k-uP8GLDxg&amp;__tn__=*NK-R\">#MP<\/a>, por darle cumplimiento exitoso a la Sentencia de ejecuci\u00f3n de Juez competente; del DESALOJO en finca Santa Sof\u00eda, Cob\u00e1n, A.V. Diligencia que se efectu\u00f3 pac\u00edficamente, cumpliendo con todos los protocolos nacionales e internacionales, notificando y dialogando inicialmente con las personas que ocupaban ilegalmente la finca, respetando sus garant\u00edas constitucionales y d\u00e1ndole cumplimiento como corresponde al debido proceso.<\/span><\/p>\n<p>&nbsp;<\/p>\n<p>&nbsp;<\/p>\n<div><\/div>\n<p>&nbsp;<\/p>\n<p>&nbsp;<\/p>\n<p>&nbsp;<\/p>\n","protected":false},"excerpt":{"rendered":"<p>Dr. Fernando Rodr\u00edguez Klarck, Gobernador de Alta Verapaz, agradece la eficiencia y eficacia de la Polic\u00eda Nacional Civil e instituciones participantes; #PDH, #COPADEH y #MP, por darle cumplimiento exitoso a la Sentencia de ejecuci\u00f3n de Juez competente; del DESALOJO en finca Santa Sof\u00eda, Cob\u00e1n, A.V. Diligencia que se efectu\u00f3 pac\u00edficamente, cumpliendo con todos los protocolos [&hellip;]<\/p>\n","protected":false},"author":1,"featured_media":13238,"comment_status":"closed","ping_status":"open","sticky":false,"template":"","format":"gallery","meta":[],"categories":[194],"tags":[178],"_links":{"self":[{"href":"https:\/\/gobernacionaltaverapaz.gob.gt\/index.php?rest_route=\/wp\/v2\/posts\/13237"}],"collection":[{"href":"https:\/\/gobernacionaltaverapaz.gob.gt\/index.php?rest_route=\/wp\/v2\/posts"}],"about":[{"href":"https:\/\/gobernacionaltaverapaz.gob.gt\/index.php?rest_route=\/wp\/v2\/types\/post"}],"author":[{"embeddable":true,"href":"https:\/\/gobernacionaltaverapaz.gob.gt\/index.php?rest_route=\/wp\/v2\/users\/1"}],"replies":[{"embeddable":true,"href":"https:\/\/gobernacionaltaverapaz.gob.gt\/index.php?rest_route=%2Fwp%2Fv2%2Fcomments&post=13237"}],"version-history":[{"count":1,"href":"https:\/\/gobernacionaltaverapaz.gob.gt\/index.php?rest_route=\/wp\/v2\/posts\/13237\/revisions"}],"predecessor-version":[{"id":13239,"href":"https:\/\/gobernacionaltaverapaz.gob.gt\/index.php?rest_route=\/wp\/v2\/posts\/13237\/revisions\/13239"}],"wp:featuredmedia":[{"embeddable":true,"href":"https:\/\/gobernacionaltaverapaz.gob.gt\/index.php?rest_route=\/wp\/v2\/media\/13238"}],"wp:attachment":[{"href":"https:\/\/gobernacionaltaverapaz.gob.gt\/index.php?rest_route=%2Fwp%2Fv2%2Fmedia&parent=13237"}],"wp:term":[{"taxonomy":"category","embeddable":true,"href":"https:\/\/gobernacionaltaverapaz.gob.gt\/index.php?rest_route=%2Fwp%2Fv2%2Fcategories&post=13237"},{"taxonomy":"post_tag","embeddable":true,"href":"https:\/\/gobernacionaltaverapaz.gob.gt\/index.php?rest_route=%2Fwp%2Fv2%2Ftags&post=13237"}],"curies":[{"name":"wp","href":"https:\/\/api.w.org\/{rel}","templated":true}]}}