{"id":13247,"date":"2022-07-29T14:55:05","date_gmt":"2022-07-29T20:55:05","guid":{"rendered":"https:\/\/gobernacionaltaverapaz.gob.gt\/?p=13247"},"modified":"2022-08-03T12:32:37","modified_gmt":"2022-08-03T18:32:37","slug":"iv-reunin-ordinaria-de-la-comisin-de-ambiente-recursos-naturales","status":"publish","type":"post","link":"https:\/\/gobernacionaltaverapaz.gob.gt\/?p=13247","title":{"rendered":"IV Reuni\u00f3n Ordinaria de la Comisi\u00f3n de Ambiente y Recursos Naturales"},"content":{"rendered":"<p style=\"text-align: justify;\"><span class=\"d2edcug0 hpfvmrgz qv66sw1b c1et5uql lr9zc1uh a8c37x1j fe6kdd0r mau55g9w c8b282yb keod5gw0 nxhoafnm aigsh9s9 d3f4x2em iv3no6db jq4qci2q a3bd9o3v b1v8xokw oo9gr5id hzawbc8m\" dir=\"auto\">La Delegaci\u00f3n Departamental del <a class=\"oajrlxb2 g5ia77u1 qu0x051f esr5mh6w e9989ue4 r7d6kgcz rq0escxv nhd2j8a9 nc684nl6 p7hjln8o kvgmc6g5 cxmmr5t8 oygrvhab hcukyx3x jb3vyjys rz4wbd8a qt6c0cv9 a8nywdso i1ao9s8h esuyzwwr f1sip0of lzcic4wl gpro0wi8 q66pz984 b1v8xokw\" tabindex=\"0\" role=\"link\" href=\"https:\/\/www.facebook.com\/hashtag\/marn?__eep__=6&amp;__cft__[0]=AZVUf9b2cwqREUjjBtVqLObt8uT_Ng_P_-PeiRD8E1J81t2n3n-_ztq6bwlWiZYe_HZLjbFEBOQ5wIN-1CV14rWep0js3EuTz5E9KAlaw7Pl_7N8mBTrw6Fn8bImrzLr_3Ril7W9ATZRtrJ3dKgUG7pXZcmJtJRx-3tfhtBgK4rI_Q&amp;__tn__=*NK-R\">#MARN<\/a> de Alta Verapaz llev\u00f3 a cabo la IV Reuni\u00f3n Ordinaria de la Comisi\u00f3n de Ambiente y Recursos Naturales la cual fue presidida por el Dr. Fernando Rodr\u00edguez Klarck, en donde se conocieron temas de desarrollo rural, la pol\u00edtica de Cambio clim\u00e1tico con enfoque de G\u00e9nero y la presentaci\u00f3n de resultados del primer semestre de la Delegaci\u00f3n Departamental.<\/span><\/p>\n<p>&nbsp;<\/p>\n<p>&nbsp;<\/p>\n<div><\/div>\n","protected":false},"excerpt":{"rendered":"<p>La Delegaci\u00f3n Departamental del #MARN de Alta Verapaz llev\u00f3 a cabo la IV Reuni\u00f3n Ordinaria de la Comisi\u00f3n de Ambiente y Recursos Naturales la cual fue presidida por el Dr. Fernando Rodr\u00edguez Klarck, en donde se conocieron temas de desarrollo rural, la pol\u00edtica de Cambio clim\u00e1tico con enfoque de G\u00e9nero y la presentaci\u00f3n de resultados [&hellip;]<\/p>\n","protected":false},"author":1,"featured_media":13241,"comment_status":"closed","ping_status":"open","sticky":false,"template":"","format":"gallery","meta":[],"categories":[194],"tags":[178],"_links":{"self":[{"href":"https:\/\/gobernacionaltaverapaz.gob.gt\/index.php?rest_route=\/wp\/v2\/posts\/13247"}],"collection":[{"href":"https:\/\/gobernacionaltaverapaz.gob.gt\/index.php?rest_route=\/wp\/v2\/posts"}],"about":[{"href":"https:\/\/gobernacionaltaverapaz.gob.gt\/index.php?rest_route=\/wp\/v2\/types\/post"}],"author":[{"embeddable":true,"href":"https:\/\/gobernacionaltaverapaz.gob.gt\/index.php?rest_route=\/wp\/v2\/users\/1"}],"replies":[{"embeddable":true,"href":"https:\/\/gobernacionaltaverapaz.gob.gt\/index.php?rest_route=%2Fwp%2Fv2%2Fcomments&post=13247"}],"version-history":[{"count":1,"href":"https:\/\/gobernacionaltaverapaz.gob.gt\/index.php?rest_route=\/wp\/v2\/posts\/13247\/revisions"}],"predecessor-version":[{"id":13248,"href":"https:\/\/gobernacionaltaverapaz.gob.gt\/index.php?rest_route=\/wp\/v2\/posts\/13247\/revisions\/13248"}],"wp:featuredmedia":[{"embeddable":true,"href":"https:\/\/gobernacionaltaverapaz.gob.gt\/index.php?rest_route=\/wp\/v2\/media\/13241"}],"wp:attachment":[{"href":"https:\/\/gobernacionaltaverapaz.gob.gt\/index.php?rest_route=%2Fwp%2Fv2%2Fmedia&parent=13247"}],"wp:term":[{"taxonomy":"category","embeddable":true,"href":"https:\/\/gobernacionaltaverapaz.gob.gt\/index.php?rest_route=%2Fwp%2Fv2%2Fcategories&post=13247"},{"taxonomy":"post_tag","embeddable":true,"href":"https:\/\/gobernacionaltaverapaz.gob.gt\/index.php?rest_route=%2Fwp%2Fv2%2Ftags&post=13247"}],"curies":[{"name":"wp","href":"https:\/\/api.w.org\/{rel}","templated":true}]}}