{"id":13256,"date":"2022-08-01T10:09:33","date_gmt":"2022-08-01T16:09:33","guid":{"rendered":"https:\/\/gobernacionaltaverapaz.gob.gt\/?p=13256"},"modified":"2022-08-03T12:52:23","modified_gmt":"2022-08-03T18:52:23","slug":"inauguracin-del-programa-luces-cmara-accin-por-la-desigualdad","status":"publish","type":"post","link":"https:\/\/gobernacionaltaverapaz.gob.gt\/?p=13256","title":{"rendered":"Inauguraci\u00f3n del programa Luces C\u00e1mara Acci\u00f3n por la Desigualdad"},"content":{"rendered":"<p style=\"text-align: justify;\"><span class=\"d2edcug0 hpfvmrgz qv66sw1b c1et5uql lr9zc1uh a8c37x1j fe6kdd0r mau55g9w c8b282yb keod5gw0 nxhoafnm aigsh9s9 d3f4x2em iv3no6db jq4qci2q a3bd9o3v b1v8xokw oo9gr5id hzawbc8m\" dir=\"auto\">Delegados de la <a class=\"oajrlxb2 g5ia77u1 qu0x051f esr5mh6w e9989ue4 r7d6kgcz rq0escxv nhd2j8a9 nc684nl6 p7hjln8o kvgmc6g5 cxmmr5t8 oygrvhab hcukyx3x jb3vyjys rz4wbd8a qt6c0cv9 a8nywdso i1ao9s8h esuyzwwr f1sip0of lzcic4wl gpro0wi8 q66pz984 b1v8xokw\" tabindex=\"0\" role=\"link\" href=\"https:\/\/www.facebook.com\/somossbs?__cft__[0]=AZUoiQDsLRheNxvQ9wYUZadArCfpbu4lZ8C_s3l_rnJNihY4uSXykPFl6A6j1GJbYmeJ8Vqv1r5E_I5Y9ssou8ykorr8gxrBp4IxhVbTTVUQDBt975bu0ciQG9uIM_tTA17mixW1bPm9Ir_K2YjnHr20xZ-EerW5QlMKRtOLfpYCyw&amp;__tn__=-]K-R\"><span class=\"nc684nl6\">Secretar\u00eda de Bienestar Social de la Presidencia<\/span><\/a> con sede en Alta Verapaz, llevaron a cabo la inauguraci\u00f3n del programa LUCES C\u00c1MARAS ACCI\u00d3N POR LA DESIGUALDAD, en cuatro comunidades del municipio de San Crist\u00f3bal Verapaz, con el objeto de lograr que mujeres poqomch\u00edes tengan la oportunidad de ser becadas por la Organizaci\u00f3n Students Offering Support &#8211; <a class=\"oajrlxb2 g5ia77u1 qu0x051f esr5mh6w e9989ue4 r7d6kgcz rq0escxv nhd2j8a9 nc684nl6 p7hjln8o kvgmc6g5 cxmmr5t8 oygrvhab hcukyx3x jb3vyjys rz4wbd8a qt6c0cv9 a8nywdso i1ao9s8h esuyzwwr f1sip0of lzcic4wl gpro0wi8 q66pz984 b1v8xokw\" tabindex=\"0\" role=\"link\" href=\"https:\/\/www.facebook.com\/hashtag\/s?__eep__=6&amp;__cft__[0]=AZUoiQDsLRheNxvQ9wYUZadArCfpbu4lZ8C_s3l_rnJNihY4uSXykPFl6A6j1GJbYmeJ8Vqv1r5E_I5Y9ssou8ykorr8gxrBp4IxhVbTTVUQDBt975bu0ciQG9uIM_tTA17mixW1bPm9Ir_K2YjnHr20xZ-EerW5QlMKRtOLfpYCyw&amp;__tn__=*NK-R\">#S<\/a>.O.S-, para poder continuar sus estudios de diversificado.<\/span><\/p>\n<p>&nbsp;<\/p>\n<p>&nbsp;<\/p>\n<div><\/div>\n","protected":false},"excerpt":{"rendered":"<p>Delegados de la Secretar\u00eda de Bienestar Social de la Presidencia con sede en Alta Verapaz, llevaron a cabo la inauguraci\u00f3n del programa LUCES C\u00c1MARAS ACCI\u00d3N POR LA DESIGUALDAD, en cuatro comunidades del municipio de San Crist\u00f3bal Verapaz, con el objeto de lograr que mujeres poqomch\u00edes tengan la oportunidad de ser becadas por la Organizaci\u00f3n Students [&hellip;]<\/p>\n","protected":false},"author":1,"featured_media":13253,"comment_status":"closed","ping_status":"open","sticky":false,"template":"","format":"gallery","meta":[],"categories":[183],"tags":[178],"_links":{"self":[{"href":"https:\/\/gobernacionaltaverapaz.gob.gt\/index.php?rest_route=\/wp\/v2\/posts\/13256"}],"collection":[{"href":"https:\/\/gobernacionaltaverapaz.gob.gt\/index.php?rest_route=\/wp\/v2\/posts"}],"about":[{"href":"https:\/\/gobernacionaltaverapaz.gob.gt\/index.php?rest_route=\/wp\/v2\/types\/post"}],"author":[{"embeddable":true,"href":"https:\/\/gobernacionaltaverapaz.gob.gt\/index.php?rest_route=\/wp\/v2\/users\/1"}],"replies":[{"embeddable":true,"href":"https:\/\/gobernacionaltaverapaz.gob.gt\/index.php?rest_route=%2Fwp%2Fv2%2Fcomments&post=13256"}],"version-history":[{"count":1,"href":"https:\/\/gobernacionaltaverapaz.gob.gt\/index.php?rest_route=\/wp\/v2\/posts\/13256\/revisions"}],"predecessor-version":[{"id":13257,"href":"https:\/\/gobernacionaltaverapaz.gob.gt\/index.php?rest_route=\/wp\/v2\/posts\/13256\/revisions\/13257"}],"wp:featuredmedia":[{"embeddable":true,"href":"https:\/\/gobernacionaltaverapaz.gob.gt\/index.php?rest_route=\/wp\/v2\/media\/13253"}],"wp:attachment":[{"href":"https:\/\/gobernacionaltaverapaz.gob.gt\/index.php?rest_route=%2Fwp%2Fv2%2Fmedia&parent=13256"}],"wp:term":[{"taxonomy":"category","embeddable":true,"href":"https:\/\/gobernacionaltaverapaz.gob.gt\/index.php?rest_route=%2Fwp%2Fv2%2Fcategories&post=13256"},{"taxonomy":"post_tag","embeddable":true,"href":"https:\/\/gobernacionaltaverapaz.gob.gt\/index.php?rest_route=%2Fwp%2Fv2%2Ftags&post=13256"}],"curies":[{"name":"wp","href":"https:\/\/api.w.org\/{rel}","templated":true}]}}