{"id":13275,"date":"2022-08-02T17:44:02","date_gmt":"2022-08-02T23:44:02","guid":{"rendered":"https:\/\/gobernacionaltaverapaz.gob.gt\/?p=13275"},"modified":"2022-08-04T09:04:50","modified_gmt":"2022-08-04T15:04:50","slug":"mesa-temtica-de-prevencin-de-la-violencia-sexual-explotacin-trata-de-personas","status":"publish","type":"post","link":"https:\/\/gobernacionaltaverapaz.gob.gt\/?p=13275","title":{"rendered":"Mesa tem\u00e1tica de prevenci\u00f3n de la Violencia Sexual, Explotaci\u00f3n y Trata de personas"},"content":{"rendered":"<div class=\"kvgmc6g5 cxmmr5t8 oygrvhab hcukyx3x c1et5uql ii04i59q\">\n<div dir=\"auto\" style=\"text-align: justify;\">Dr. Fernando Rodr\u00edguez Klarck, Gobernador Departamental, particip\u00f3 en reuni\u00f3n presidida por el Vicepresidente de la Rep\u00fablica Guillermo Castillo Reyess y la Secretar\u00eda Ejecutiva de <a class=\"oajrlxb2 g5ia77u1 qu0x051f esr5mh6w e9989ue4 r7d6kgcz rq0escxv nhd2j8a9 nc684nl6 p7hjln8o kvgmc6g5 cxmmr5t8 oygrvhab hcukyx3x jb3vyjys rz4wbd8a qt6c0cv9 a8nywdso i1ao9s8h esuyzwwr f1sip0of lzcic4wl gpro0wi8 q66pz984 b1v8xokw\" tabindex=\"0\" role=\"link\" href=\"https:\/\/www.facebook.com\/hashtag\/svet?__eep__=6&amp;__cft__[0]=AZWppGZwk8nX--KWn_4GsFGB-LG8_swdLKcWq-EMCWoeTW2nkR2cu8hkrxugryLCPzIG3B7lVHCnFxlhGmEyvhJO31lwHCbe0lMXSMajrDVqGnUNkGSPkMxYqYCuTfKhWiBIqza2fC50nVKwIJlZCACaGnK4i1LfmE8l0mwJ1BP8Nw&amp;__tn__=*NK-R\">#SVET<\/a>, esto en el marco de la mesa tem\u00e1tica de prevenci\u00f3n de la Violencia Sexual, Explotaci\u00f3n y Trata de personas del gabinete social <a class=\"oajrlxb2 g5ia77u1 qu0x051f esr5mh6w e9989ue4 r7d6kgcz rq0escxv nhd2j8a9 nc684nl6 p7hjln8o kvgmc6g5 cxmmr5t8 oygrvhab hcukyx3x jb3vyjys rz4wbd8a qt6c0cv9 a8nywdso i1ao9s8h esuyzwwr f1sip0of lzcic4wl gpro0wi8 q66pz984 b1v8xokw\" tabindex=\"0\" role=\"link\" href=\"https:\/\/www.facebook.com\/hashtag\/geds?__eep__=6&amp;__cft__[0]=AZWppGZwk8nX--KWn_4GsFGB-LG8_swdLKcWq-EMCWoeTW2nkR2cu8hkrxugryLCPzIG3B7lVHCnFxlhGmEyvhJO31lwHCbe0lMXSMajrDVqGnUNkGSPkMxYqYCuTfKhWiBIqza2fC50nVKwIJlZCACaGnK4i1LfmE8l0mwJ1BP8Nw&amp;__tn__=*NK-R\">#GEDS<\/a>.<\/div>\n<\/div>\n<div class=\"cxmmr5t8 oygrvhab hcukyx3x c1et5uql o9v6fnle ii04i59q\">\n<div dir=\"auto\" style=\"text-align: justify;\">Resaltando la importancia del abordaje de la tem\u00e1tica a nivel territorial, tomando en cuenta que Alta Verapaz es uno de los departamentos m\u00e1s afectados por incidencia de los delitos <a class=\"oajrlxb2 g5ia77u1 qu0x051f esr5mh6w e9989ue4 r7d6kgcz rq0escxv nhd2j8a9 nc684nl6 p7hjln8o kvgmc6g5 cxmmr5t8 oygrvhab hcukyx3x jb3vyjys rz4wbd8a qt6c0cv9 a8nywdso i1ao9s8h esuyzwwr f1sip0of lzcic4wl gpro0wi8 q66pz984 b1v8xokw\" tabindex=\"0\" role=\"link\" href=\"https:\/\/www.facebook.com\/hashtag\/vet?__eep__=6&amp;__cft__[0]=AZWppGZwk8nX--KWn_4GsFGB-LG8_swdLKcWq-EMCWoeTW2nkR2cu8hkrxugryLCPzIG3B7lVHCnFxlhGmEyvhJO31lwHCbe0lMXSMajrDVqGnUNkGSPkMxYqYCuTfKhWiBIqza2fC50nVKwIJlZCACaGnK4i1LfmE8l0mwJ1BP8Nw&amp;__tn__=*NK-R\">#VET<\/a>.<\/div>\n<div dir=\"auto\" style=\"text-align: justify;\">Dicha reuni\u00f3n se realiza para fortalecer la atenci\u00f3n a v\u00edctimas sobrevivientes de violencia sexual y atenci\u00f3n integral de embarazos a ni\u00f1as y adolescentes menores de 14 a\u00f1os del departamento.<\/div>\n<\/div>\n<div dir=\"auto\"><\/div>\n<div dir=\"auto\"><\/div>\n<div dir=\"auto\">\n<div><\/div>\n<\/div>\n<p>&nbsp;<\/p>\n","protected":false},"excerpt":{"rendered":"<p>Dr. Fernando Rodr\u00edguez Klarck, Gobernador Departamental, particip\u00f3 en reuni\u00f3n presidida por el Vicepresidente de la Rep\u00fablica Guillermo Castillo Reyess y la Secretar\u00eda Ejecutiva de #SVET, esto en el marco de la mesa tem\u00e1tica de prevenci\u00f3n de la Violencia Sexual, Explotaci\u00f3n y Trata de personas del gabinete social #GEDS. Resaltando la importancia del abordaje de la [&hellip;]<\/p>\n","protected":false},"author":1,"featured_media":13271,"comment_status":"closed","ping_status":"open","sticky":false,"template":"","format":"gallery","meta":[],"categories":[194],"tags":[178],"_links":{"self":[{"href":"https:\/\/gobernacionaltaverapaz.gob.gt\/index.php?rest_route=\/wp\/v2\/posts\/13275"}],"collection":[{"href":"https:\/\/gobernacionaltaverapaz.gob.gt\/index.php?rest_route=\/wp\/v2\/posts"}],"about":[{"href":"https:\/\/gobernacionaltaverapaz.gob.gt\/index.php?rest_route=\/wp\/v2\/types\/post"}],"author":[{"embeddable":true,"href":"https:\/\/gobernacionaltaverapaz.gob.gt\/index.php?rest_route=\/wp\/v2\/users\/1"}],"replies":[{"embeddable":true,"href":"https:\/\/gobernacionaltaverapaz.gob.gt\/index.php?rest_route=%2Fwp%2Fv2%2Fcomments&post=13275"}],"version-history":[{"count":1,"href":"https:\/\/gobernacionaltaverapaz.gob.gt\/index.php?rest_route=\/wp\/v2\/posts\/13275\/revisions"}],"predecessor-version":[{"id":13276,"href":"https:\/\/gobernacionaltaverapaz.gob.gt\/index.php?rest_route=\/wp\/v2\/posts\/13275\/revisions\/13276"}],"wp:featuredmedia":[{"embeddable":true,"href":"https:\/\/gobernacionaltaverapaz.gob.gt\/index.php?rest_route=\/wp\/v2\/media\/13271"}],"wp:attachment":[{"href":"https:\/\/gobernacionaltaverapaz.gob.gt\/index.php?rest_route=%2Fwp%2Fv2%2Fmedia&parent=13275"}],"wp:term":[{"taxonomy":"category","embeddable":true,"href":"https:\/\/gobernacionaltaverapaz.gob.gt\/index.php?rest_route=%2Fwp%2Fv2%2Fcategories&post=13275"},{"taxonomy":"post_tag","embeddable":true,"href":"https:\/\/gobernacionaltaverapaz.gob.gt\/index.php?rest_route=%2Fwp%2Fv2%2Ftags&post=13275"}],"curies":[{"name":"wp","href":"https:\/\/api.w.org\/{rel}","templated":true}]}}