{"id":13286,"date":"2022-08-03T08:49:12","date_gmt":"2022-08-03T14:49:12","guid":{"rendered":"https:\/\/gobernacionaltaverapaz.gob.gt\/?p=13286"},"modified":"2022-08-04T09:30:04","modified_gmt":"2022-08-04T15:30:04","slug":"firma-de-convenio-de-ejecucin-de-obra-multianual-2","status":"publish","type":"post","link":"https:\/\/gobernacionaltaverapaz.gob.gt\/?p=13286","title":{"rendered":"Firma de Convenio de Ejecuci\u00f3n de Obra Multianual"},"content":{"rendered":"<div dir=\"auto\" style=\"text-align: justify;\">Comprometido con llevar desarrollo al Departamento, Dr. Fernando Rodr\u00edguez Klarck, Gobernador de Alta Verapaz, llev\u00f3 a cabo la firma de convenio de ejecuci\u00f3n de obra multianual, en compa\u00f1\u00eda del Alcalde Municipal de Santa Cruz Verapaz, Sr. Efra\u00edn Cuc Mor\u00e1n y la Lcda. \u00c1ngela Alvarado, directora ejecutiva del <a class=\"oajrlxb2 g5ia77u1 qu0x051f esr5mh6w e9989ue4 r7d6kgcz rq0escxv nhd2j8a9 nc684nl6 p7hjln8o kvgmc6g5 cxmmr5t8 oygrvhab hcukyx3x jb3vyjys rz4wbd8a qt6c0cv9 a8nywdso i1ao9s8h esuyzwwr f1sip0of lzcic4wl gpro0wi8 q66pz984 b1v8xokw\" tabindex=\"0\" role=\"link\" href=\"https:\/\/www.facebook.com\/codede.av.7?__cft__[0]=AZVH-zi6T5HSWTkMwvUgD32pNxw07kC7owEE0s_5C9J3YAaqhdVhtnxIrCwI43iMc9Rg1a29pqCxqAfAqpkDfkLG9rtoquRzmmIVpfNbOz-bBKxCWxMfn8Jx0VxQrUrtqy5ANSv459ectsmgYqzbWxcoa5GOGyIEX5lVgu6J19bnKA&amp;__tn__=-]K-R\"><span class=\"nc684nl6\">Codede AV<\/span><\/a>, el convenio firmado es referente al proyecto de;<\/p>\n<\/div>\n<div dir=\"auto\" style=\"text-align: justify;\">\u2022 Construcci\u00f3n de sistema de Alcantarillado Sanitario, Aldea la Isla Santa Cruz Verapaz.<\/div>\n<div dir=\"auto\" style=\"text-align: justify;\">Logrando con estas acciones la firma de 66 proyectos para el ejercicio fiscal 2022 en el departamento, de 71 propuestos.<\/p>\n<\/div>\n<div dir=\"auto\"><\/div>\n<div dir=\"auto\"><\/div>\n<div dir=\"auto\">\n<div><\/div>\n<\/div>\n<p>&nbsp;<\/p>\n","protected":false},"excerpt":{"rendered":"<p>Comprometido con llevar desarrollo al Departamento, Dr. Fernando Rodr\u00edguez Klarck, Gobernador de Alta Verapaz, llev\u00f3 a cabo la firma de convenio de ejecuci\u00f3n de obra multianual, en compa\u00f1\u00eda del Alcalde Municipal de Santa Cruz Verapaz, Sr. Efra\u00edn Cuc Mor\u00e1n y la Lcda. \u00c1ngela Alvarado, directora ejecutiva del Codede AV, el convenio firmado es referente al [&hellip;]<\/p>\n","protected":false},"author":1,"featured_media":13285,"comment_status":"closed","ping_status":"open","sticky":false,"template":"","format":"gallery","meta":[],"categories":[194],"tags":[178],"_links":{"self":[{"href":"https:\/\/gobernacionaltaverapaz.gob.gt\/index.php?rest_route=\/wp\/v2\/posts\/13286"}],"collection":[{"href":"https:\/\/gobernacionaltaverapaz.gob.gt\/index.php?rest_route=\/wp\/v2\/posts"}],"about":[{"href":"https:\/\/gobernacionaltaverapaz.gob.gt\/index.php?rest_route=\/wp\/v2\/types\/post"}],"author":[{"embeddable":true,"href":"https:\/\/gobernacionaltaverapaz.gob.gt\/index.php?rest_route=\/wp\/v2\/users\/1"}],"replies":[{"embeddable":true,"href":"https:\/\/gobernacionaltaverapaz.gob.gt\/index.php?rest_route=%2Fwp%2Fv2%2Fcomments&post=13286"}],"version-history":[{"count":2,"href":"https:\/\/gobernacionaltaverapaz.gob.gt\/index.php?rest_route=\/wp\/v2\/posts\/13286\/revisions"}],"predecessor-version":[{"id":13288,"href":"https:\/\/gobernacionaltaverapaz.gob.gt\/index.php?rest_route=\/wp\/v2\/posts\/13286\/revisions\/13288"}],"wp:featuredmedia":[{"embeddable":true,"href":"https:\/\/gobernacionaltaverapaz.gob.gt\/index.php?rest_route=\/wp\/v2\/media\/13285"}],"wp:attachment":[{"href":"https:\/\/gobernacionaltaverapaz.gob.gt\/index.php?rest_route=%2Fwp%2Fv2%2Fmedia&parent=13286"}],"wp:term":[{"taxonomy":"category","embeddable":true,"href":"https:\/\/gobernacionaltaverapaz.gob.gt\/index.php?rest_route=%2Fwp%2Fv2%2Fcategories&post=13286"},{"taxonomy":"post_tag","embeddable":true,"href":"https:\/\/gobernacionaltaverapaz.gob.gt\/index.php?rest_route=%2Fwp%2Fv2%2Ftags&post=13286"}],"curies":[{"name":"wp","href":"https:\/\/api.w.org\/{rel}","templated":true}]}}