{"id":13295,"date":"2022-08-04T10:02:19","date_gmt":"2022-08-04T16:02:19","guid":{"rendered":"https:\/\/gobernacionaltaverapaz.gob.gt\/?p=13295"},"modified":"2022-08-15T10:56:34","modified_gmt":"2022-08-15T16:56:34","slug":"mesa-tcnica-donde-se-socializ-el-anlisis-agroclimtico","status":"publish","type":"post","link":"https:\/\/gobernacionaltaverapaz.gob.gt\/?p=13295","title":{"rendered":"Mesa T\u00e9cnica donde se socializ\u00f3 el an\u00e1lisis Agroclim\u00e1tico"},"content":{"rendered":"<div class=\"\" dir=\"auto\">\n<div id=\"jsc_c_239\" class=\"ecm0bbzt hv4rvrfc ihqw7lf3 dati1w0a\" data-ad-comet-preview=\"message\" data-ad-preview=\"message\">\n<div class=\"j83agx80 cbu4d94t ew0dbk1b irj2b8pg\">\n<div class=\"qzhwtbm6 knvmm38d\">\n<div class=\"kvgmc6g5 cxmmr5t8 oygrvhab hcukyx3x c1et5uql ii04i59q\">\n<div dir=\"auto\" style=\"text-align: justify;\"><a class=\"oajrlxb2 g5ia77u1 qu0x051f esr5mh6w e9989ue4 r7d6kgcz rq0escxv nhd2j8a9 nc684nl6 p7hjln8o kvgmc6g5 cxmmr5t8 oygrvhab hcukyx3x jb3vyjys rz4wbd8a qt6c0cv9 a8nywdso i1ao9s8h esuyzwwr f1sip0of lzcic4wl gpro0wi8 q66pz984 b1v8xokw\" tabindex=\"0\" role=\"link\" href=\"https:\/\/www.facebook.com\/hashtag\/maga?__eep__=6&amp;__cft__[0]=AZXGk8l0a2xTQOCm_yZNWOIeSfkmr2d2uWkA_cq9_drxcWdw9UHW7kUThTB5IbEgF8tTVPjkLyhz0uvXvopzAVguqeaEIl0k_Fo3TI0JKnDrSihikGZG5Jpe-UK0j1cKMu6J97bxCVcPlFFwLp9uoz3LpUIRg50Fi6aH8GFBzZpTQQ&amp;__tn__=*NK-R\">#MAGA<\/a><\/div>\n<div dir=\"auto\" style=\"text-align: justify;\">La Delegaci\u00f3n Departamental del Ministerio de Agricultura Ganader\u00eda y Alimentaci\u00f3n de Alta Verapaz, en un trabajo institucional: Sede Departamental Alta Verapaz, DIGEGR, Unidad e Cambio Clim\u00e1tico brind\u00f3 asistencia t\u00e9cnica a la Mesa T\u00e9cnica Agroclim\u00e1tica (MTA) en el Departamento; en el cual se socializ\u00f3 el an\u00e1lisis Agroclim\u00e1tico realizado por medio del Centro de Informaci\u00f3n Estrat\u00e9gica Agropecuaria <a class=\"oajrlxb2 g5ia77u1 qu0x051f esr5mh6w e9989ue4 r7d6kgcz rq0escxv nhd2j8a9 nc684nl6 p7hjln8o kvgmc6g5 cxmmr5t8 oygrvhab hcukyx3x jb3vyjys rz4wbd8a qt6c0cv9 a8nywdso i1ao9s8h esuyzwwr f1sip0of lzcic4wl gpro0wi8 q66pz984 b1v8xokw\" tabindex=\"0\" role=\"link\" href=\"https:\/\/www.facebook.com\/hashtag\/digegr?__eep__=6&amp;__cft__[0]=AZXGk8l0a2xTQOCm_yZNWOIeSfkmr2d2uWkA_cq9_drxcWdw9UHW7kUThTB5IbEgF8tTVPjkLyhz0uvXvopzAVguqeaEIl0k_Fo3TI0JKnDrSihikGZG5Jpe-UK0j1cKMu6J97bxCVcPlFFwLp9uoz3LpUIRg50Fi6aH8GFBzZpTQQ&amp;__tn__=*NK-R\">#DIGEGR<\/a> del <a class=\"oajrlxb2 g5ia77u1 qu0x051f esr5mh6w e9989ue4 r7d6kgcz rq0escxv nhd2j8a9 nc684nl6 p7hjln8o kvgmc6g5 cxmmr5t8 oygrvhab hcukyx3x jb3vyjys rz4wbd8a qt6c0cv9 a8nywdso i1ao9s8h esuyzwwr f1sip0of lzcic4wl gpro0wi8 q66pz984 b1v8xokw\" tabindex=\"0\" role=\"link\" href=\"https:\/\/www.facebook.com\/hashtag\/maga?__eep__=6&amp;__cft__[0]=AZXGk8l0a2xTQOCm_yZNWOIeSfkmr2d2uWkA_cq9_drxcWdw9UHW7kUThTB5IbEgF8tTVPjkLyhz0uvXvopzAVguqeaEIl0k_Fo3TI0JKnDrSihikGZG5Jpe-UK0j1cKMu6J97bxCVcPlFFwLp9uoz3LpUIRg50Fi6aH8GFBzZpTQQ&amp;__tn__=*NK-R\">#MAGA<\/a> con recomendaciones para el sector Agropecuario ante la temporada lluviosa agosto-octubre 2022. La informaci\u00f3n provista es un producto de trabajo interinstitucional <a class=\"oajrlxb2 g5ia77u1 qu0x051f esr5mh6w e9989ue4 r7d6kgcz rq0escxv nhd2j8a9 nc684nl6 p7hjln8o kvgmc6g5 cxmmr5t8 oygrvhab hcukyx3x jb3vyjys rz4wbd8a qt6c0cv9 a8nywdso i1ao9s8h esuyzwwr f1sip0of lzcic4wl gpro0wi8 q66pz984 b1v8xokw\" tabindex=\"0\" role=\"link\" href=\"https:\/\/www.facebook.com\/hashtag\/maga?__eep__=6&amp;__cft__[0]=AZXGk8l0a2xTQOCm_yZNWOIeSfkmr2d2uWkA_cq9_drxcWdw9UHW7kUThTB5IbEgF8tTVPjkLyhz0uvXvopzAVguqeaEIl0k_Fo3TI0JKnDrSihikGZG5Jpe-UK0j1cKMu6J97bxCVcPlFFwLp9uoz3LpUIRg50Fi6aH8GFBzZpTQQ&amp;__tn__=*NK-R\">#MAGA<\/a>&#8211;<a class=\"oajrlxb2 g5ia77u1 qu0x051f esr5mh6w e9989ue4 r7d6kgcz rq0escxv nhd2j8a9 nc684nl6 p7hjln8o kvgmc6g5 cxmmr5t8 oygrvhab hcukyx3x jb3vyjys rz4wbd8a qt6c0cv9 a8nywdso i1ao9s8h esuyzwwr f1sip0of lzcic4wl gpro0wi8 q66pz984 b1v8xokw\" tabindex=\"0\" role=\"link\" href=\"https:\/\/www.facebook.com\/hashtag\/insivumeh?__eep__=6&amp;__cft__[0]=AZXGk8l0a2xTQOCm_yZNWOIeSfkmr2d2uWkA_cq9_drxcWdw9UHW7kUThTB5IbEgF8tTVPjkLyhz0uvXvopzAVguqeaEIl0k_Fo3TI0JKnDrSihikGZG5Jpe-UK0j1cKMu6J97bxCVcPlFFwLp9uoz3LpUIRg50Fi6aH8GFBzZpTQQ&amp;__tn__=*NK-R\">#INSIVUMEH<\/a>&#8211;<a class=\"oajrlxb2 g5ia77u1 qu0x051f esr5mh6w e9989ue4 r7d6kgcz rq0escxv nhd2j8a9 nc684nl6 p7hjln8o kvgmc6g5 cxmmr5t8 oygrvhab hcukyx3x jb3vyjys rz4wbd8a qt6c0cv9 a8nywdso i1ao9s8h esuyzwwr f1sip0of lzcic4wl gpro0wi8 q66pz984 b1v8xokw\" tabindex=\"0\" role=\"link\" href=\"https:\/\/www.facebook.com\/hashtag\/conred?__eep__=6&amp;__cft__[0]=AZXGk8l0a2xTQOCm_yZNWOIeSfkmr2d2uWkA_cq9_drxcWdw9UHW7kUThTB5IbEgF8tTVPjkLyhz0uvXvopzAVguqeaEIl0k_Fo3TI0JKnDrSihikGZG5Jpe-UK0j1cKMu6J97bxCVcPlFFwLp9uoz3LpUIRg50Fi6aH8GFBzZpTQQ&amp;__tn__=*NK-R\">#CONRED<\/a>.<\/div>\n<div dir=\"auto\" style=\"text-align: justify;\"><a class=\"oajrlxb2 g5ia77u1 qu0x051f esr5mh6w e9989ue4 r7d6kgcz rq0escxv nhd2j8a9 nc684nl6 p7hjln8o kvgmc6g5 cxmmr5t8 oygrvhab hcukyx3x jb3vyjys rz4wbd8a qt6c0cv9 a8nywdso i1ao9s8h esuyzwwr f1sip0of lzcic4wl gpro0wi8 q66pz984 b1v8xokw\" tabindex=\"0\" role=\"link\" href=\"https:\/\/www.facebook.com\/hashtag\/accionesquetransforman?__eep__=6&amp;__cft__[0]=AZXGk8l0a2xTQOCm_yZNWOIeSfkmr2d2uWkA_cq9_drxcWdw9UHW7kUThTB5IbEgF8tTVPjkLyhz0uvXvopzAVguqeaEIl0k_Fo3TI0JKnDrSihikGZG5Jpe-UK0j1cKMu6J97bxCVcPlFFwLp9uoz3LpUIRg50Fi6aH8GFBzZpTQQ&amp;__tn__=*NK-R\">#AccionesQueTransforman.<\/a><\/div>\n<div dir=\"auto\"><\/div>\n<\/div>\n<\/div>\n<\/div>\n<\/div>\n<\/div>\n<div dir=\"auto\"><\/div>\n<div dir=\"auto\"><\/div>\n<div dir=\"auto\">\n<div><\/div>\n<\/div>\n","protected":false},"excerpt":{"rendered":"<p>#MAGA La Delegaci\u00f3n Departamental del Ministerio de Agricultura Ganader\u00eda y Alimentaci\u00f3n de Alta Verapaz, en un trabajo institucional: Sede Departamental Alta Verapaz, DIGEGR, Unidad e Cambio Clim\u00e1tico brind\u00f3 asistencia t\u00e9cnica a la Mesa T\u00e9cnica Agroclim\u00e1tica (MTA) en el Departamento; en el cual se socializ\u00f3 el an\u00e1lisis Agroclim\u00e1tico realizado por medio del Centro de Informaci\u00f3n Estrat\u00e9gica [&hellip;]<\/p>\n","protected":false},"author":1,"featured_media":13291,"comment_status":"closed","ping_status":"open","sticky":false,"template":"","format":"gallery","meta":[],"categories":[194],"tags":[178],"_links":{"self":[{"href":"https:\/\/gobernacionaltaverapaz.gob.gt\/index.php?rest_route=\/wp\/v2\/posts\/13295"}],"collection":[{"href":"https:\/\/gobernacionaltaverapaz.gob.gt\/index.php?rest_route=\/wp\/v2\/posts"}],"about":[{"href":"https:\/\/gobernacionaltaverapaz.gob.gt\/index.php?rest_route=\/wp\/v2\/types\/post"}],"author":[{"embeddable":true,"href":"https:\/\/gobernacionaltaverapaz.gob.gt\/index.php?rest_route=\/wp\/v2\/users\/1"}],"replies":[{"embeddable":true,"href":"https:\/\/gobernacionaltaverapaz.gob.gt\/index.php?rest_route=%2Fwp%2Fv2%2Fcomments&post=13295"}],"version-history":[{"count":2,"href":"https:\/\/gobernacionaltaverapaz.gob.gt\/index.php?rest_route=\/wp\/v2\/posts\/13295\/revisions"}],"predecessor-version":[{"id":13297,"href":"https:\/\/gobernacionaltaverapaz.gob.gt\/index.php?rest_route=\/wp\/v2\/posts\/13295\/revisions\/13297"}],"wp:featuredmedia":[{"embeddable":true,"href":"https:\/\/gobernacionaltaverapaz.gob.gt\/index.php?rest_route=\/wp\/v2\/media\/13291"}],"wp:attachment":[{"href":"https:\/\/gobernacionaltaverapaz.gob.gt\/index.php?rest_route=%2Fwp%2Fv2%2Fmedia&parent=13295"}],"wp:term":[{"taxonomy":"category","embeddable":true,"href":"https:\/\/gobernacionaltaverapaz.gob.gt\/index.php?rest_route=%2Fwp%2Fv2%2Fcategories&post=13295"},{"taxonomy":"post_tag","embeddable":true,"href":"https:\/\/gobernacionaltaverapaz.gob.gt\/index.php?rest_route=%2Fwp%2Fv2%2Ftags&post=13295"}],"curies":[{"name":"wp","href":"https:\/\/api.w.org\/{rel}","templated":true}]}}