{"id":13305,"date":"2022-08-05T10:33:04","date_gmt":"2022-08-05T16:33:04","guid":{"rendered":"https:\/\/gobernacionaltaverapaz.gob.gt\/?p=13305"},"modified":"2022-08-15T14:58:07","modified_gmt":"2022-08-15T20:58:07","slug":"firma-del-convenio-de-mejoramiento-sistema-de-agua-potable-casero-setzol-chahal-alta-verapaz","status":"publish","type":"post","link":"https:\/\/gobernacionaltaverapaz.gob.gt\/?p=13305","title":{"rendered":"Firma del convenio de Mejoramiento Sistema de Agua Potable Caser\u00edo Setzol, Chahal Alta Verapaz"},"content":{"rendered":"<div class=\"kvgmc6g5 cxmmr5t8 oygrvhab hcukyx3x c1et5uql ii04i59q\">\n<div dir=\"auto\" style=\"text-align: justify;\"><a class=\"oajrlxb2 g5ia77u1 qu0x051f esr5mh6w e9989ue4 r7d6kgcz rq0escxv nhd2j8a9 nc684nl6 p7hjln8o kvgmc6g5 cxmmr5t8 oygrvhab hcukyx3x jb3vyjys rz4wbd8a qt6c0cv9 a8nywdso i1ao9s8h esuyzwwr f1sip0of lzcic4wl gpro0wi8 q66pz984 b1v8xokw\" tabindex=\"0\" role=\"link\" href=\"https:\/\/www.facebook.com\/hashtag\/ela%C3%B1odeloslogros?__eep__=6&amp;__cft__[0]=AZWBQTFGmxgoSKDvIjqpzHbfLKqEGsIVfpuMYSbAaQFPuRI1q8TSC7dOWR2c4ZJDOQtOeExFd7Sw-Tte3UAde65Zf5fSmNvQsUlzI71RZiBfyvQKFA0EdOHbbej83LZLreeKWBTEkC4WX0yvmJlA-7CTPZHJHjxbOtcpaB5DigWSAA&amp;__tn__=*NK-R\">#ElA\u00f1oDeLosLogros<\/a><\/div>\n<div dir=\"auto\" style=\"text-align: justify;\">Comprometido con llevar desarrollo al Departamento, Dr. Fernando Rodr\u00edguez Klarck, Gobernador de Alta Verapaz, llev\u00f3 a cabo la firma del primer convenio con fondos provenientes del Fondo para el Desarrollo Econ\u00f3mico de la Naci\u00f3n <a class=\"oajrlxb2 g5ia77u1 qu0x051f esr5mh6w e9989ue4 r7d6kgcz rq0escxv nhd2j8a9 nc684nl6 p7hjln8o kvgmc6g5 cxmmr5t8 oygrvhab hcukyx3x jb3vyjys rz4wbd8a qt6c0cv9 a8nywdso i1ao9s8h esuyzwwr f1sip0of lzcic4wl gpro0wi8 q66pz984 b1v8xokw\" tabindex=\"0\" role=\"link\" href=\"https:\/\/www.facebook.com\/hashtag\/fonpetrol?__eep__=6&amp;__cft__[0]=AZWBQTFGmxgoSKDvIjqpzHbfLKqEGsIVfpuMYSbAaQFPuRI1q8TSC7dOWR2c4ZJDOQtOeExFd7Sw-Tte3UAde65Zf5fSmNvQsUlzI71RZiBfyvQKFA0EdOHbbej83LZLreeKWBTEkC4WX0yvmJlA-7CTPZHJHjxbOtcpaB5DigWSAA&amp;__tn__=*NK-R\">#FONPETROL<\/a>, en compa\u00f1\u00eda del Alcalde Municipal de Chahal, Sr. Luis Rodolfo Barrientos y la Lcda. \u00c1ngela Alvarado, directora ejecutiva del <a class=\"oajrlxb2 g5ia77u1 qu0x051f esr5mh6w e9989ue4 r7d6kgcz rq0escxv nhd2j8a9 nc684nl6 p7hjln8o kvgmc6g5 cxmmr5t8 oygrvhab hcukyx3x jb3vyjys rz4wbd8a qt6c0cv9 a8nywdso i1ao9s8h esuyzwwr f1sip0of lzcic4wl gpro0wi8 q66pz984 b1v8xokw\" tabindex=\"0\" role=\"link\" href=\"https:\/\/www.facebook.com\/codede.av.7?__cft__[0]=AZWBQTFGmxgoSKDvIjqpzHbfLKqEGsIVfpuMYSbAaQFPuRI1q8TSC7dOWR2c4ZJDOQtOeExFd7Sw-Tte3UAde65Zf5fSmNvQsUlzI71RZiBfyvQKFA0EdOHbbej83LZLreeKWBTEkC4WX0yvmJlA-7CTPZHJHjxbOtcpaB5DigWSAA&amp;__tn__=-]K-R\"><span class=\"nc684nl6\">Codede AV<\/span><\/a>. El convenio firmado es referente al proyecto de;<\/div>\n<\/div>\n<div class=\"cxmmr5t8 oygrvhab hcukyx3x c1et5uql o9v6fnle ii04i59q\">\n<div dir=\"auto\" style=\"text-align: justify;\">o Mejoramiento Sistema de Agua Potable Caser\u00edo Setzol, Chahal Alta Verapaz.<\/p>\n<\/div>\n<\/div>\n<div dir=\"auto\"><\/div>\n<div dir=\"auto\"><\/div>\n<div dir=\"auto\">\u00a0<img decoding=\"async\" loading=\"lazy\" class=\"alignnone wp-image-13306\" src=\"https:\/\/gobernacionaltaverapaz.gob.gt\/wp-content\/uploads\/2022\/08\/01-18.jpg\" alt=\"\" width=\"330\" height=\"235\" \/> <img decoding=\"async\" loading=\"lazy\" class=\"alignnone wp-image-13307\" src=\"https:\/\/gobernacionaltaverapaz.gob.gt\/wp-content\/uploads\/2022\/08\/02-17.jpg\" alt=\"\" width=\"330\" height=\"235\" \/><\/div>\n<p>&nbsp;<\/p>\n<p>&nbsp;<\/p>\n","protected":false},"excerpt":{"rendered":"<p>#ElA\u00f1oDeLosLogros Comprometido con llevar desarrollo al Departamento, Dr. Fernando Rodr\u00edguez Klarck, Gobernador de Alta Verapaz, llev\u00f3 a cabo la firma del primer convenio con fondos provenientes del Fondo para el Desarrollo Econ\u00f3mico de la Naci\u00f3n #FONPETROL, en compa\u00f1\u00eda del Alcalde Municipal de Chahal, Sr. Luis Rodolfo Barrientos y la Lcda. \u00c1ngela Alvarado, directora ejecutiva del [&hellip;]<\/p>\n","protected":false},"author":1,"featured_media":13308,"comment_status":"closed","ping_status":"open","sticky":false,"template":"","format":"standard","meta":[],"categories":[194],"tags":[178],"_links":{"self":[{"href":"https:\/\/gobernacionaltaverapaz.gob.gt\/index.php?rest_route=\/wp\/v2\/posts\/13305"}],"collection":[{"href":"https:\/\/gobernacionaltaverapaz.gob.gt\/index.php?rest_route=\/wp\/v2\/posts"}],"about":[{"href":"https:\/\/gobernacionaltaverapaz.gob.gt\/index.php?rest_route=\/wp\/v2\/types\/post"}],"author":[{"embeddable":true,"href":"https:\/\/gobernacionaltaverapaz.gob.gt\/index.php?rest_route=\/wp\/v2\/users\/1"}],"replies":[{"embeddable":true,"href":"https:\/\/gobernacionaltaverapaz.gob.gt\/index.php?rest_route=%2Fwp%2Fv2%2Fcomments&post=13305"}],"version-history":[{"count":4,"href":"https:\/\/gobernacionaltaverapaz.gob.gt\/index.php?rest_route=\/wp\/v2\/posts\/13305\/revisions"}],"predecessor-version":[{"id":13312,"href":"https:\/\/gobernacionaltaverapaz.gob.gt\/index.php?rest_route=\/wp\/v2\/posts\/13305\/revisions\/13312"}],"wp:featuredmedia":[{"embeddable":true,"href":"https:\/\/gobernacionaltaverapaz.gob.gt\/index.php?rest_route=\/wp\/v2\/media\/13308"}],"wp:attachment":[{"href":"https:\/\/gobernacionaltaverapaz.gob.gt\/index.php?rest_route=%2Fwp%2Fv2%2Fmedia&parent=13305"}],"wp:term":[{"taxonomy":"category","embeddable":true,"href":"https:\/\/gobernacionaltaverapaz.gob.gt\/index.php?rest_route=%2Fwp%2Fv2%2Fcategories&post=13305"},{"taxonomy":"post_tag","embeddable":true,"href":"https:\/\/gobernacionaltaverapaz.gob.gt\/index.php?rest_route=%2Fwp%2Fv2%2Ftags&post=13305"}],"curies":[{"name":"wp","href":"https:\/\/api.w.org\/{rel}","templated":true}]}}