{"id":13318,"date":"2022-08-05T16:21:03","date_gmt":"2022-08-05T22:21:03","guid":{"rendered":"https:\/\/gobernacionaltaverapaz.gob.gt\/?p=13318"},"modified":"2022-08-15T15:08:13","modified_gmt":"2022-08-15T21:08:13","slug":"reunin-con-representantes-de-las-redes-integradas-de-alta-verapaz","status":"publish","type":"post","link":"https:\/\/gobernacionaltaverapaz.gob.gt\/?p=13318","title":{"rendered":"Reuni\u00f3n con representantes de las Redes Integradas de Alta Verapaz"},"content":{"rendered":"<p style=\"text-align: justify;\"><span class=\"d2edcug0 hpfvmrgz qv66sw1b c1et5uql lr9zc1uh a8c37x1j fe6kdd0r mau55g9w c8b282yb keod5gw0 nxhoafnm aigsh9s9 d3f4x2em iv3no6db jq4qci2q a3bd9o3v b1v8xokw oo9gr5id hzawbc8m\" dir=\"auto\">Dr. Fernando Rodr\u00edguez Klarck, Gobernador Departamental, dirigi\u00f3 reuni\u00f3n con representantes de las Redes Integradas de Alta Verapaz; Red de Derivaci\u00f3n, Red <a class=\"oajrlxb2 g5ia77u1 qu0x051f esr5mh6w e9989ue4 r7d6kgcz rq0escxv nhd2j8a9 nc684nl6 p7hjln8o kvgmc6g5 cxmmr5t8 oygrvhab hcukyx3x jb3vyjys rz4wbd8a qt6c0cv9 a8nywdso i1ao9s8h esuyzwwr f1sip0of lzcic4wl gpro0wi8 q66pz984 b1v8xokw\" tabindex=\"0\" role=\"link\" href=\"https:\/\/www.facebook.com\/hashtag\/vet?__eep__=6&amp;__cft__[0]=AZX4njz8rscLG6LhVbwjG49m9KT-B78VHHijTnubjHq24rh0QolTJsfZOWOCA9IOsgnVbsuyBIURFMbvDWNmVE0B4kX5PugwK4k7TI_xewzOx9QYTGhIwa931neFY-sUwWO-1f3P-NCYDxLjc2xVMi3L_pMSRYCMD5PvTVYiLTwIjA&amp;__tn__=*NK-R\">#VET<\/a> y <a class=\"oajrlxb2 g5ia77u1 qu0x051f esr5mh6w e9989ue4 r7d6kgcz rq0escxv nhd2j8a9 nc684nl6 p7hjln8o kvgmc6g5 cxmmr5t8 oygrvhab hcukyx3x jb3vyjys rz4wbd8a qt6c0cv9 a8nywdso i1ao9s8h esuyzwwr f1sip0of lzcic4wl gpro0wi8 q66pz984 b1v8xokw\" tabindex=\"0\" role=\"link\" href=\"https:\/\/www.facebook.com\/hashtag\/planea?__eep__=6&amp;__cft__[0]=AZX4njz8rscLG6LhVbwjG49m9KT-B78VHHijTnubjHq24rh0QolTJsfZOWOCA9IOsgnVbsuyBIURFMbvDWNmVE0B4kX5PugwK4k7TI_xewzOx9QYTGhIwa931neFY-sUwWO-1f3P-NCYDxLjc2xVMi3L_pMSRYCMD5PvTVYiLTwIjA&amp;__tn__=*NK-R\">#PLANEA<\/a>, con el objetivo de trabajar coordinamente en pro de los derechos de la ni\u00f1ez, adolescencia y mujeres, de esta manera contribuir en la prevenci\u00f3n y mejora en la atenci\u00f3n de casos de violencia y embarazos en adolescentes a sectores vulnerabilizados.<\/span><\/p>\n<p>&nbsp;<\/p>\n<div><\/div>\n","protected":false},"excerpt":{"rendered":"<p>Dr. Fernando Rodr\u00edguez Klarck, Gobernador Departamental, dirigi\u00f3 reuni\u00f3n con representantes de las Redes Integradas de Alta Verapaz; Red de Derivaci\u00f3n, Red #VET y #PLANEA, con el objetivo de trabajar coordinamente en pro de los derechos de la ni\u00f1ez, adolescencia y mujeres, de esta manera contribuir en la prevenci\u00f3n y mejora en la atenci\u00f3n de casos [&hellip;]<\/p>\n","protected":false},"author":1,"featured_media":13313,"comment_status":"closed","ping_status":"open","sticky":false,"template":"","format":"gallery","meta":[],"categories":[194],"tags":[178],"_links":{"self":[{"href":"https:\/\/gobernacionaltaverapaz.gob.gt\/index.php?rest_route=\/wp\/v2\/posts\/13318"}],"collection":[{"href":"https:\/\/gobernacionaltaverapaz.gob.gt\/index.php?rest_route=\/wp\/v2\/posts"}],"about":[{"href":"https:\/\/gobernacionaltaverapaz.gob.gt\/index.php?rest_route=\/wp\/v2\/types\/post"}],"author":[{"embeddable":true,"href":"https:\/\/gobernacionaltaverapaz.gob.gt\/index.php?rest_route=\/wp\/v2\/users\/1"}],"replies":[{"embeddable":true,"href":"https:\/\/gobernacionaltaverapaz.gob.gt\/index.php?rest_route=%2Fwp%2Fv2%2Fcomments&post=13318"}],"version-history":[{"count":1,"href":"https:\/\/gobernacionaltaverapaz.gob.gt\/index.php?rest_route=\/wp\/v2\/posts\/13318\/revisions"}],"predecessor-version":[{"id":13319,"href":"https:\/\/gobernacionaltaverapaz.gob.gt\/index.php?rest_route=\/wp\/v2\/posts\/13318\/revisions\/13319"}],"wp:featuredmedia":[{"embeddable":true,"href":"https:\/\/gobernacionaltaverapaz.gob.gt\/index.php?rest_route=\/wp\/v2\/media\/13313"}],"wp:attachment":[{"href":"https:\/\/gobernacionaltaverapaz.gob.gt\/index.php?rest_route=%2Fwp%2Fv2%2Fmedia&parent=13318"}],"wp:term":[{"taxonomy":"category","embeddable":true,"href":"https:\/\/gobernacionaltaverapaz.gob.gt\/index.php?rest_route=%2Fwp%2Fv2%2Fcategories&post=13318"},{"taxonomy":"post_tag","embeddable":true,"href":"https:\/\/gobernacionaltaverapaz.gob.gt\/index.php?rest_route=%2Fwp%2Fv2%2Ftags&post=13318"}],"curies":[{"name":"wp","href":"https:\/\/api.w.org\/{rel}","templated":true}]}}