{"id":13331,"date":"2022-08-08T16:59:34","date_gmt":"2022-08-08T22:59:34","guid":{"rendered":"https:\/\/gobernacionaltaverapaz.gob.gt\/?p=13331"},"modified":"2022-08-15T15:29:28","modified_gmt":"2022-08-15T21:29:28","slug":"mesa-tcnica-permanente-de-prevencin-de-la-violencia","status":"publish","type":"post","link":"https:\/\/gobernacionaltaverapaz.gob.gt\/?p=13331","title":{"rendered":"Mesa T\u00e9cnica Permanente de Prevenci\u00f3n de la Violencia"},"content":{"rendered":"<div class=\"\" dir=\"auto\">\n<div id=\"jsc_c_7ky\" class=\"ecm0bbzt hv4rvrfc ihqw7lf3 dati1w0a\" data-ad-comet-preview=\"message\" data-ad-preview=\"message\">\n<div class=\"j83agx80 cbu4d94t ew0dbk1b irj2b8pg\">\n<div class=\"qzhwtbm6 knvmm38d\">\n<div class=\"kvgmc6g5 cxmmr5t8 oygrvhab hcukyx3x c1et5uql ii04i59q\">\n<div dir=\"auto\" style=\"text-align: justify;\"><a class=\"oajrlxb2 g5ia77u1 qu0x051f esr5mh6w e9989ue4 r7d6kgcz rq0escxv nhd2j8a9 nc684nl6 p7hjln8o kvgmc6g5 cxmmr5t8 oygrvhab hcukyx3x jb3vyjys rz4wbd8a qt6c0cv9 a8nywdso i1ao9s8h esuyzwwr f1sip0of lzcic4wl gpro0wi8 q66pz984 b1v8xokw\" tabindex=\"0\" role=\"link\" href=\"https:\/\/www.facebook.com\/hashtag\/guateavanza?__eep__=6&amp;__cft__[0]=AZXrnhWankdyyMoR5P8MJZ5lEd09ay13q7UktlSGIDbKtq8ISa0y4padsvssK4qVR4r8eGy75Og03lhcE2EZ890UUxaSHFomqN5_Sn677dmo049kXeK9_ODgHuD-uD39ZnUfQGHH8LceLixnLx9WDoXuiCSqlUzEqZrSrN0Rz5HfLQ&amp;__tn__=*NK-R\">#GuateAvanza<\/a><\/div>\n<div dir=\"auto\" style=\"text-align: justify;\">Como muestra del compromiso de llevar desarrollo al Departamento, Dr. Fernando Rodr\u00edguez Klarck, Gobernador Departamental, dio apertura a la cuarta sesi\u00f3n y quinto m\u00f3dulo del Diplomado, denominado; \u201cLiderazgo Comunitario Fortalecido y Comprometido en la Prevenci\u00f3n de la Violencia\u201d. El cual tuvo lugar en Santa Cruz Verapaz, que cubre el \u00e1rea central, Tucur\u00fa para cubrir el valle del Polochic, Fray Bartolom\u00e9 de las casas, que cubre la franja Transversal del Norte y San Pedro Carch\u00e1 para cubrir los Municipios de la regi\u00f3n central. Dicho modulo tiene como objetivo primordial dar a conocer la importancia de la Primera Ayuda Psicol\u00f3gica a Mujeres V\u00edctimas de Violencia.<\/div>\n<div dir=\"auto\" style=\"text-align: justify;\">En Dicha actividad se cont\u00f3 con el acompa\u00f1amiento en las cuatro sedes con delegados que integran la Mesa T\u00e9cnica Permanente de Prevenci\u00f3n de la violencia de esta Gobernaci\u00f3n, siendo estos; <a class=\"oajrlxb2 g5ia77u1 qu0x051f esr5mh6w e9989ue4 r7d6kgcz rq0escxv nhd2j8a9 nc684nl6 p7hjln8o kvgmc6g5 cxmmr5t8 oygrvhab hcukyx3x jb3vyjys rz4wbd8a qt6c0cv9 a8nywdso i1ao9s8h esuyzwwr f1sip0of lzcic4wl gpro0wi8 q66pz984 b1v8xokw\" tabindex=\"0\" role=\"link\" href=\"https:\/\/www.facebook.com\/hashtag\/mp?__eep__=6&amp;__cft__[0]=AZXrnhWankdyyMoR5P8MJZ5lEd09ay13q7UktlSGIDbKtq8ISa0y4padsvssK4qVR4r8eGy75Og03lhcE2EZ890UUxaSHFomqN5_Sn677dmo049kXeK9_ODgHuD-uD39ZnUfQGHH8LceLixnLx9WDoXuiCSqlUzEqZrSrN0Rz5HfLQ&amp;__tn__=*NK-R\">#MP<\/a>, <a class=\"oajrlxb2 g5ia77u1 qu0x051f esr5mh6w e9989ue4 r7d6kgcz rq0escxv nhd2j8a9 nc684nl6 p7hjln8o kvgmc6g5 cxmmr5t8 oygrvhab hcukyx3x jb3vyjys rz4wbd8a qt6c0cv9 a8nywdso i1ao9s8h esuyzwwr f1sip0of lzcic4wl gpro0wi8 q66pz984 b1v8xokw\" tabindex=\"0\" role=\"link\" href=\"https:\/\/www.facebook.com\/hashtag\/svet?__eep__=6&amp;__cft__[0]=AZXrnhWankdyyMoR5P8MJZ5lEd09ay13q7UktlSGIDbKtq8ISa0y4padsvssK4qVR4r8eGy75Og03lhcE2EZ890UUxaSHFomqN5_Sn677dmo049kXeK9_ODgHuD-uD39ZnUfQGHH8LceLixnLx9WDoXuiCSqlUzEqZrSrN0Rz5HfLQ&amp;__tn__=*NK-R\">#SVET<\/a>, <a class=\"oajrlxb2 g5ia77u1 qu0x051f esr5mh6w e9989ue4 r7d6kgcz rq0escxv nhd2j8a9 nc684nl6 p7hjln8o kvgmc6g5 cxmmr5t8 oygrvhab hcukyx3x jb3vyjys rz4wbd8a qt6c0cv9 a8nywdso i1ao9s8h esuyzwwr f1sip0of lzcic4wl gpro0wi8 q66pz984 b1v8xokw\" tabindex=\"0\" role=\"link\" href=\"https:\/\/www.facebook.com\/hashtag\/seprem?__eep__=6&amp;__cft__[0]=AZXrnhWankdyyMoR5P8MJZ5lEd09ay13q7UktlSGIDbKtq8ISa0y4padsvssK4qVR4r8eGy75Og03lhcE2EZ890UUxaSHFomqN5_Sn677dmo049kXeK9_ODgHuD-uD39ZnUfQGHH8LceLixnLx9WDoXuiCSqlUzEqZrSrN0Rz5HfLQ&amp;__tn__=*NK-R\">#SEPREM<\/a>, <a class=\"oajrlxb2 g5ia77u1 qu0x051f esr5mh6w e9989ue4 r7d6kgcz rq0escxv nhd2j8a9 nc684nl6 p7hjln8o kvgmc6g5 cxmmr5t8 oygrvhab hcukyx3x jb3vyjys rz4wbd8a qt6c0cv9 a8nywdso i1ao9s8h esuyzwwr f1sip0of lzcic4wl gpro0wi8 q66pz984 b1v8xokw\" tabindex=\"0\" role=\"link\" href=\"https:\/\/www.facebook.com\/hashtag\/upcv?__eep__=6&amp;__cft__[0]=AZXrnhWankdyyMoR5P8MJZ5lEd09ay13q7UktlSGIDbKtq8ISa0y4padsvssK4qVR4r8eGy75Og03lhcE2EZ890UUxaSHFomqN5_Sn677dmo049kXeK9_ODgHuD-uD39ZnUfQGHH8LceLixnLx9WDoXuiCSqlUzEqZrSrN0Rz5HfLQ&amp;__tn__=*NK-R\">#UPCV<\/a>, <a class=\"oajrlxb2 g5ia77u1 qu0x051f esr5mh6w e9989ue4 r7d6kgcz rq0escxv nhd2j8a9 nc684nl6 p7hjln8o kvgmc6g5 cxmmr5t8 oygrvhab hcukyx3x jb3vyjys rz4wbd8a qt6c0cv9 a8nywdso i1ao9s8h esuyzwwr f1sip0of lzcic4wl gpro0wi8 q66pz984 b1v8xokw\" tabindex=\"0\" role=\"link\" href=\"https:\/\/www.facebook.com\/hashtag\/cunor?__eep__=6&amp;__cft__[0]=AZXrnhWankdyyMoR5P8MJZ5lEd09ay13q7UktlSGIDbKtq8ISa0y4padsvssK4qVR4r8eGy75Og03lhcE2EZ890UUxaSHFomqN5_Sn677dmo049kXeK9_ODgHuD-uD39ZnUfQGHH8LceLixnLx9WDoXuiCSqlUzEqZrSrN0Rz5HfLQ&amp;__tn__=*NK-R\">#CUNOR<\/a>\/<a class=\"oajrlxb2 g5ia77u1 qu0x051f esr5mh6w e9989ue4 r7d6kgcz rq0escxv nhd2j8a9 nc684nl6 p7hjln8o kvgmc6g5 cxmmr5t8 oygrvhab hcukyx3x jb3vyjys rz4wbd8a qt6c0cv9 a8nywdso i1ao9s8h esuyzwwr f1sip0of lzcic4wl gpro0wi8 q66pz984 b1v8xokw\" tabindex=\"0\" role=\"link\" href=\"https:\/\/www.facebook.com\/hashtag\/usac?__eep__=6&amp;__cft__[0]=AZXrnhWankdyyMoR5P8MJZ5lEd09ay13q7UktlSGIDbKtq8ISa0y4padsvssK4qVR4r8eGy75Og03lhcE2EZ890UUxaSHFomqN5_Sn677dmo049kXeK9_ODgHuD-uD39ZnUfQGHH8LceLixnLx9WDoXuiCSqlUzEqZrSrN0Rz5HfLQ&amp;__tn__=*NK-R\">#USAC<\/a> y la Direcci\u00f3n de An\u00e1lisis Criminal <a class=\"oajrlxb2 g5ia77u1 qu0x051f esr5mh6w e9989ue4 r7d6kgcz rq0escxv nhd2j8a9 nc684nl6 p7hjln8o kvgmc6g5 cxmmr5t8 oygrvhab hcukyx3x jb3vyjys rz4wbd8a qt6c0cv9 a8nywdso i1ao9s8h esuyzwwr f1sip0of lzcic4wl gpro0wi8 q66pz984 b1v8xokw\" tabindex=\"0\" role=\"link\" href=\"https:\/\/www.facebook.com\/hashtag\/dac?__eep__=6&amp;__cft__[0]=AZXrnhWankdyyMoR5P8MJZ5lEd09ay13q7UktlSGIDbKtq8ISa0y4padsvssK4qVR4r8eGy75Og03lhcE2EZ890UUxaSHFomqN5_Sn677dmo049kXeK9_ODgHuD-uD39ZnUfQGHH8LceLixnLx9WDoXuiCSqlUzEqZrSrN0Rz5HfLQ&amp;__tn__=*NK-R\">#DAC<\/a>.<\/div>\n<div dir=\"auto\" style=\"text-align: justify;\">Muni Santa Cruz Verapaz<\/div>\n<div dir=\"auto\" style=\"text-align: justify;\"><a class=\"oajrlxb2 g5ia77u1 qu0x051f esr5mh6w e9989ue4 r7d6kgcz rq0escxv nhd2j8a9 nc684nl6 p7hjln8o kvgmc6g5 cxmmr5t8 oygrvhab hcukyx3x jb3vyjys rz4wbd8a qt6c0cv9 a8nywdso i1ao9s8h esuyzwwr f1sip0of lzcic4wl gpro0wi8 q66pz984 b1v8xokw\" tabindex=\"0\" role=\"link\" href=\"https:\/\/www.facebook.com\/profile.php?id=100066523150518&amp;__cft__[0]=AZXrnhWankdyyMoR5P8MJZ5lEd09ay13q7UktlSGIDbKtq8ISa0y4padsvssK4qVR4r8eGy75Og03lhcE2EZ890UUxaSHFomqN5_Sn677dmo049kXeK9_ODgHuD-uD39ZnUfQGHH8LceLixnLx9WDoXuiCSqlUzEqZrSrN0Rz5HfLQ&amp;__tn__=-]K-R\"><span class=\"nc684nl6\">Municipalidad de Tucur\u00fa, Alta Verapaz<\/span><\/a><\/div>\n<div dir=\"auto\" style=\"text-align: justify;\"><a class=\"oajrlxb2 g5ia77u1 qu0x051f esr5mh6w e9989ue4 r7d6kgcz rq0escxv nhd2j8a9 nc684nl6 p7hjln8o kvgmc6g5 cxmmr5t8 oygrvhab hcukyx3x jb3vyjys rz4wbd8a qt6c0cv9 a8nywdso i1ao9s8h esuyzwwr f1sip0of lzcic4wl gpro0wi8 q66pz984 b1v8xokw\" tabindex=\"0\" role=\"link\" href=\"https:\/\/www.facebook.com\/hashtag\/juntosvamosporm%C3%A1s?__eep__=6&amp;__cft__[0]=AZXrnhWankdyyMoR5P8MJZ5lEd09ay13q7UktlSGIDbKtq8ISa0y4padsvssK4qVR4r8eGy75Og03lhcE2EZ890UUxaSHFomqN5_Sn677dmo049kXeK9_ODgHuD-uD39ZnUfQGHH8LceLixnLx9WDoXuiCSqlUzEqZrSrN0Rz5HfLQ&amp;__tn__=*NK-R\">#JuntosVamosPorM\u00e1s<\/a><\/div>\n<div dir=\"auto\" style=\"text-align: justify;\"><a class=\"oajrlxb2 g5ia77u1 qu0x051f esr5mh6w e9989ue4 r7d6kgcz rq0escxv nhd2j8a9 nc684nl6 p7hjln8o kvgmc6g5 cxmmr5t8 oygrvhab hcukyx3x jb3vyjys rz4wbd8a qt6c0cv9 a8nywdso i1ao9s8h esuyzwwr f1sip0of lzcic4wl gpro0wi8 q66pz984 b1v8xokw\" tabindex=\"0\" role=\"link\" href=\"https:\/\/www.facebook.com\/hashtag\/accionesquetransforman?__eep__=6&amp;__cft__[0]=AZXrnhWankdyyMoR5P8MJZ5lEd09ay13q7UktlSGIDbKtq8ISa0y4padsvssK4qVR4r8eGy75Og03lhcE2EZ890UUxaSHFomqN5_Sn677dmo049kXeK9_ODgHuD-uD39ZnUfQGHH8LceLixnLx9WDoXuiCSqlUzEqZrSrN0Rz5HfLQ&amp;__tn__=*NK-R\">#AccionesQueTransforman<\/a><\/div>\n<\/div>\n<\/div>\n<\/div>\n<\/div>\n<\/div>\n<div dir=\"auto\"><\/div>\n<div dir=\"auto\"><\/div>\n<div dir=\"auto\"><\/div>\n<div dir=\"auto\"><\/div>\n<div dir=\"auto\">\n<div><\/div>\n<\/div>\n","protected":false},"excerpt":{"rendered":"<p>#GuateAvanza Como muestra del compromiso de llevar desarrollo al Departamento, Dr. Fernando Rodr\u00edguez Klarck, Gobernador Departamental, dio apertura a la cuarta sesi\u00f3n y quinto m\u00f3dulo del Diplomado, denominado; \u201cLiderazgo Comunitario Fortalecido y Comprometido en la Prevenci\u00f3n de la Violencia\u201d. El cual tuvo lugar en Santa Cruz Verapaz, que cubre el \u00e1rea central, Tucur\u00fa para cubrir [&hellip;]<\/p>\n","protected":false},"author":1,"featured_media":13323,"comment_status":"closed","ping_status":"open","sticky":false,"template":"","format":"gallery","meta":[],"categories":[194],"tags":[178],"_links":{"self":[{"href":"https:\/\/gobernacionaltaverapaz.gob.gt\/index.php?rest_route=\/wp\/v2\/posts\/13331"}],"collection":[{"href":"https:\/\/gobernacionaltaverapaz.gob.gt\/index.php?rest_route=\/wp\/v2\/posts"}],"about":[{"href":"https:\/\/gobernacionaltaverapaz.gob.gt\/index.php?rest_route=\/wp\/v2\/types\/post"}],"author":[{"embeddable":true,"href":"https:\/\/gobernacionaltaverapaz.gob.gt\/index.php?rest_route=\/wp\/v2\/users\/1"}],"replies":[{"embeddable":true,"href":"https:\/\/gobernacionaltaverapaz.gob.gt\/index.php?rest_route=%2Fwp%2Fv2%2Fcomments&post=13331"}],"version-history":[{"count":1,"href":"https:\/\/gobernacionaltaverapaz.gob.gt\/index.php?rest_route=\/wp\/v2\/posts\/13331\/revisions"}],"predecessor-version":[{"id":13332,"href":"https:\/\/gobernacionaltaverapaz.gob.gt\/index.php?rest_route=\/wp\/v2\/posts\/13331\/revisions\/13332"}],"wp:featuredmedia":[{"embeddable":true,"href":"https:\/\/gobernacionaltaverapaz.gob.gt\/index.php?rest_route=\/wp\/v2\/media\/13323"}],"wp:attachment":[{"href":"https:\/\/gobernacionaltaverapaz.gob.gt\/index.php?rest_route=%2Fwp%2Fv2%2Fmedia&parent=13331"}],"wp:term":[{"taxonomy":"category","embeddable":true,"href":"https:\/\/gobernacionaltaverapaz.gob.gt\/index.php?rest_route=%2Fwp%2Fv2%2Fcategories&post=13331"},{"taxonomy":"post_tag","embeddable":true,"href":"https:\/\/gobernacionaltaverapaz.gob.gt\/index.php?rest_route=%2Fwp%2Fv2%2Ftags&post=13331"}],"curies":[{"name":"wp","href":"https:\/\/api.w.org\/{rel}","templated":true}]}}