{"id":13337,"date":"2022-08-08T17:09:14","date_gmt":"2022-08-08T23:09:14","guid":{"rendered":"https:\/\/gobernacionaltaverapaz.gob.gt\/?p=13337"},"modified":"2022-08-15T17:02:13","modified_gmt":"2022-08-15T23:02:13","slug":"reunin-de-la-comisin-para-la-construccin-del-hospital-del-departamento","status":"publish","type":"post","link":"https:\/\/gobernacionaltaverapaz.gob.gt\/?p=13337","title":{"rendered":"Reuni\u00f3n de la comisi\u00f3n para la construcci\u00f3n del hospital del Departamento"},"content":{"rendered":"<div class=\"\" dir=\"auto\">\n<div id=\"jsc_c_8b5\" class=\"ecm0bbzt hv4rvrfc ihqw7lf3 dati1w0a\" data-ad-comet-preview=\"message\" data-ad-preview=\"message\">\n<div class=\"j83agx80 cbu4d94t ew0dbk1b irj2b8pg\">\n<div class=\"qzhwtbm6 knvmm38d\">\n<div class=\"kvgmc6g5 cxmmr5t8 oygrvhab hcukyx3x c1et5uql ii04i59q\">\n<div dir=\"auto\"><a class=\"oajrlxb2 g5ia77u1 qu0x051f esr5mh6w e9989ue4 r7d6kgcz rq0escxv nhd2j8a9 nc684nl6 p7hjln8o kvgmc6g5 cxmmr5t8 oygrvhab hcukyx3x jb3vyjys rz4wbd8a qt6c0cv9 a8nywdso i1ao9s8h esuyzwwr f1sip0of lzcic4wl gpro0wi8 q66pz984 b1v8xokw\" tabindex=\"0\" role=\"link\" href=\"https:\/\/www.facebook.com\/hashtag\/juntosvamosporm%C3%A1s?__eep__=6&amp;__cft__[0]=AZVRvYnCZHWxo-bJc3FhVCqjdMqYWTqYPCb0yA0rOSyY-njQssHz68XxaKuYAiP7TX75GYAM8qfJ_SqIToiCiNKz6Ik6O2t4O9-ZYnEj0KtnaVSAcIGnJWuxvLA3h7IE7Dav5m8f1Dfg_JuLUeb1wO5iLWW3WeJvEhc02MkN1RLNxQ&amp;__tn__=*NK-R\">#JuntosVamosPorM\u00e1s<\/a><\/div>\n<div dir=\"auto\" style=\"text-align: justify;\">Dr. Fernando Rodr\u00edguez Klarck, Gobernador Departamental, Dirigi\u00f3 reuni\u00f3n de la comisi\u00f3n para la construcci\u00f3n del hospital del Departamento, en compa\u00f1\u00eda de Diputados por Alta Verapaz, Delegados de Instituciones involucradas, Representantes de la Municipalidad de Cob\u00e1n y de Sociedad Civil, Con la Finalidad de realizar un an\u00e1lisis y un recuento de los avances hasta el momento y en base a ellos poder definir, delegar y priorizar actividades que permitan la agilizaci\u00f3n del proceso.<\/div>\n<div dir=\"auto\" style=\"text-align: justify;\"><a class=\"oajrlxb2 g5ia77u1 qu0x051f esr5mh6w e9989ue4 r7d6kgcz rq0escxv nhd2j8a9 nc684nl6 p7hjln8o kvgmc6g5 cxmmr5t8 oygrvhab hcukyx3x jb3vyjys rz4wbd8a qt6c0cv9 a8nywdso i1ao9s8h esuyzwwr f1sip0of lzcic4wl gpro0wi8 q66pz984 b1v8xokw\" tabindex=\"0\" role=\"link\" href=\"https:\/\/www.facebook.com\/hashtag\/accionesquetransforman?__eep__=6&amp;__cft__[0]=AZVRvYnCZHWxo-bJc3FhVCqjdMqYWTqYPCb0yA0rOSyY-njQssHz68XxaKuYAiP7TX75GYAM8qfJ_SqIToiCiNKz6Ik6O2t4O9-ZYnEj0KtnaVSAcIGnJWuxvLA3h7IE7Dav5m8f1Dfg_JuLUeb1wO5iLWW3WeJvEhc02MkN1RLNxQ&amp;__tn__=*NK-R\">#AccionesQueTransforman.<\/a><\/div>\n<\/div>\n<\/div>\n<\/div>\n<\/div>\n<\/div>\n<div dir=\"auto\"><\/div>\n<div dir=\"auto\"><\/div>\n<div dir=\"auto\"><\/div>\n<div dir=\"auto\"><\/div>\n<div dir=\"auto\">\n<div><\/div>\n<\/div>\n","protected":false},"excerpt":{"rendered":"<p>#JuntosVamosPorM\u00e1s Dr. Fernando Rodr\u00edguez Klarck, Gobernador Departamental, Dirigi\u00f3 reuni\u00f3n de la comisi\u00f3n para la construcci\u00f3n del hospital del Departamento, en compa\u00f1\u00eda de Diputados por Alta Verapaz, Delegados de Instituciones involucradas, Representantes de la Municipalidad de Cob\u00e1n y de Sociedad Civil, Con la Finalidad de realizar un an\u00e1lisis y un recuento de los avances hasta el [&hellip;]<\/p>\n","protected":false},"author":1,"featured_media":13333,"comment_status":"closed","ping_status":"open","sticky":false,"template":"","format":"gallery","meta":[],"categories":[194],"tags":[],"_links":{"self":[{"href":"https:\/\/gobernacionaltaverapaz.gob.gt\/index.php?rest_route=\/wp\/v2\/posts\/13337"}],"collection":[{"href":"https:\/\/gobernacionaltaverapaz.gob.gt\/index.php?rest_route=\/wp\/v2\/posts"}],"about":[{"href":"https:\/\/gobernacionaltaverapaz.gob.gt\/index.php?rest_route=\/wp\/v2\/types\/post"}],"author":[{"embeddable":true,"href":"https:\/\/gobernacionaltaverapaz.gob.gt\/index.php?rest_route=\/wp\/v2\/users\/1"}],"replies":[{"embeddable":true,"href":"https:\/\/gobernacionaltaverapaz.gob.gt\/index.php?rest_route=%2Fwp%2Fv2%2Fcomments&post=13337"}],"version-history":[{"count":1,"href":"https:\/\/gobernacionaltaverapaz.gob.gt\/index.php?rest_route=\/wp\/v2\/posts\/13337\/revisions"}],"predecessor-version":[{"id":13338,"href":"https:\/\/gobernacionaltaverapaz.gob.gt\/index.php?rest_route=\/wp\/v2\/posts\/13337\/revisions\/13338"}],"wp:featuredmedia":[{"embeddable":true,"href":"https:\/\/gobernacionaltaverapaz.gob.gt\/index.php?rest_route=\/wp\/v2\/media\/13333"}],"wp:attachment":[{"href":"https:\/\/gobernacionaltaverapaz.gob.gt\/index.php?rest_route=%2Fwp%2Fv2%2Fmedia&parent=13337"}],"wp:term":[{"taxonomy":"category","embeddable":true,"href":"https:\/\/gobernacionaltaverapaz.gob.gt\/index.php?rest_route=%2Fwp%2Fv2%2Fcategories&post=13337"},{"taxonomy":"post_tag","embeddable":true,"href":"https:\/\/gobernacionaltaverapaz.gob.gt\/index.php?rest_route=%2Fwp%2Fv2%2Ftags&post=13337"}],"curies":[{"name":"wp","href":"https:\/\/api.w.org\/{rel}","templated":true}]}}