{"id":13339,"date":"2022-08-08T18:02:02","date_gmt":"2022-08-09T00:02:02","guid":{"rendered":"https:\/\/gobernacionaltaverapaz.gob.gt\/?p=13339"},"modified":"2022-08-15T17:09:46","modified_gmt":"2022-08-15T23:09:46","slug":"capacitacin-de-personal-guarda-recursos-personal-de-la-municipalidad-lanquin-av","status":"publish","type":"post","link":"https:\/\/gobernacionaltaverapaz.gob.gt\/?p=13339","title":{"rendered":"Capacitaci\u00f3n de personal guarda recursos y personal de la Municipalidad Lanquin A.V."},"content":{"rendered":"<div class=\"\" dir=\"auto\">\n<div id=\"jsc_c_99o\" class=\"ecm0bbzt hv4rvrfc ihqw7lf3 dati1w0a\" data-ad-comet-preview=\"message\" data-ad-preview=\"message\">\n<div class=\"j83agx80 cbu4d94t ew0dbk1b irj2b8pg\">\n<div class=\"qzhwtbm6 knvmm38d\">\n<div class=\"kvgmc6g5 cxmmr5t8 oygrvhab hcukyx3x c1et5uql ii04i59q\">\n<div dir=\"auto\" style=\"text-align: justify;\"><a class=\"oajrlxb2 g5ia77u1 qu0x051f esr5mh6w e9989ue4 r7d6kgcz rq0escxv nhd2j8a9 nc684nl6 p7hjln8o kvgmc6g5 cxmmr5t8 oygrvhab hcukyx3x jb3vyjys rz4wbd8a qt6c0cv9 a8nywdso i1ao9s8h esuyzwwr f1sip0of lzcic4wl gpro0wi8 q66pz984 b1v8xokw\" tabindex=\"0\" role=\"link\" href=\"https:\/\/www.facebook.com\/hashtag\/guateavanza?__eep__=6&amp;__cft__[0]=AZW3d7mQSkXCQ3uJel-NO6IDcReMDay3N-wAjMdO7ZSjyTcZWUy2by65CWbkaWD0HIoz3yeGFf5IddKT2s-rhKGASDg-obmC7bVCEQ4jKZylVWDmTGlXx0-yF4ZCP5tPG1wLyRSUpRVCM2cByfRIgp7E2PhmH9BQNREBzEVOmPxcog&amp;__tn__=*NK-R\">#GuateAvanza<\/a><\/div>\n<div dir=\"auto\" style=\"text-align: justify;\">Delegados del Consejo Nacional de \u00c1reas Protegidas <a class=\"oajrlxb2 g5ia77u1 qu0x051f esr5mh6w e9989ue4 r7d6kgcz rq0escxv nhd2j8a9 nc684nl6 p7hjln8o kvgmc6g5 cxmmr5t8 oygrvhab hcukyx3x jb3vyjys rz4wbd8a qt6c0cv9 a8nywdso i1ao9s8h esuyzwwr f1sip0of lzcic4wl gpro0wi8 q66pz984 b1v8xokw\" tabindex=\"0\" role=\"link\" href=\"https:\/\/www.facebook.com\/hashtag\/conap?__eep__=6&amp;__cft__[0]=AZW3d7mQSkXCQ3uJel-NO6IDcReMDay3N-wAjMdO7ZSjyTcZWUy2by65CWbkaWD0HIoz3yeGFf5IddKT2s-rhKGASDg-obmC7bVCEQ4jKZylVWDmTGlXx0-yF4ZCP5tPG1wLyRSUpRVCM2cByfRIgp7E2PhmH9BQNREBzEVOmPxcog&amp;__tn__=*NK-R\">#CONAP<\/a>, llevaron a cabo la Capacitaci\u00f3n de personal guarda recursos y personal de la <a class=\"oajrlxb2 g5ia77u1 qu0x051f esr5mh6w e9989ue4 r7d6kgcz rq0escxv nhd2j8a9 nc684nl6 p7hjln8o kvgmc6g5 cxmmr5t8 oygrvhab hcukyx3x jb3vyjys rz4wbd8a qt6c0cv9 a8nywdso i1ao9s8h esuyzwwr f1sip0of lzcic4wl gpro0wi8 q66pz984 b1v8xokw\" tabindex=\"0\" role=\"link\" href=\"https:\/\/www.facebook.com\/profile.php?id=100068519316217&amp;__cft__[0]=AZW3d7mQSkXCQ3uJel-NO6IDcReMDay3N-wAjMdO7ZSjyTcZWUy2by65CWbkaWD0HIoz3yeGFf5IddKT2s-rhKGASDg-obmC7bVCEQ4jKZylVWDmTGlXx0-yF4ZCP5tPG1wLyRSUpRVCM2cByfRIgp7E2PhmH9BQNREBzEVOmPxcog&amp;__tn__=-]K-R\"><span class=\"nc684nl6\">Municipalidad Lanquin A.V.<\/span><\/a> En temas de \u00e1reas protegidas, planes operativos anuales, manejo forestal e instrumentos ambientales. Con la finalidad preparar y orientar al personal que d\u00eda con d\u00eda trabaja en el resguardo de las \u00e1reas protegidas, para que lo aprendido durante la actividad sea aplicado ante cualquier emergencia que surja en los puestos de control y en las actividades de campo que se realizan de forma rutinaria.<\/div>\n<div dir=\"auto\"><\/div>\n<div dir=\"auto\" style=\"text-align: justify;\"><a class=\"oajrlxb2 g5ia77u1 qu0x051f esr5mh6w e9989ue4 r7d6kgcz rq0escxv nhd2j8a9 nc684nl6 p7hjln8o kvgmc6g5 cxmmr5t8 oygrvhab hcukyx3x jb3vyjys rz4wbd8a qt6c0cv9 a8nywdso i1ao9s8h esuyzwwr f1sip0of lzcic4wl gpro0wi8 q66pz984 b1v8xokw\" tabindex=\"0\" role=\"link\" href=\"https:\/\/www.facebook.com\/profile.php?id=100068519316217&amp;__cft__[0]=AZW3d7mQSkXCQ3uJel-NO6IDcReMDay3N-wAjMdO7ZSjyTcZWUy2by65CWbkaWD0HIoz3yeGFf5IddKT2s-rhKGASDg-obmC7bVCEQ4jKZylVWDmTGlXx0-yF4ZCP5tPG1wLyRSUpRVCM2cByfRIgp7E2PhmH9BQNREBzEVOmPxcog&amp;__tn__=-]K-R\"><span class=\"nc684nl6\">Municipalidad Lanquin A.V.<\/span><\/a><\/div>\n<div dir=\"auto\" style=\"text-align: justify;\"><a class=\"oajrlxb2 g5ia77u1 qu0x051f esr5mh6w e9989ue4 r7d6kgcz rq0escxv nhd2j8a9 nc684nl6 p7hjln8o kvgmc6g5 cxmmr5t8 oygrvhab hcukyx3x jb3vyjys rz4wbd8a qt6c0cv9 a8nywdso i1ao9s8h esuyzwwr f1sip0of lzcic4wl gpro0wi8 q66pz984 b1v8xokw\" tabindex=\"0\" role=\"link\" href=\"https:\/\/www.facebook.com\/hashtag\/juntosvamosporm%C3%A1s?__eep__=6&amp;__cft__[0]=AZW3d7mQSkXCQ3uJel-NO6IDcReMDay3N-wAjMdO7ZSjyTcZWUy2by65CWbkaWD0HIoz3yeGFf5IddKT2s-rhKGASDg-obmC7bVCEQ4jKZylVWDmTGlXx0-yF4ZCP5tPG1wLyRSUpRVCM2cByfRIgp7E2PhmH9BQNREBzEVOmPxcog&amp;__tn__=*NK-R\">#JuntosVamosPorM\u00e1s<\/a><\/div>\n<\/div>\n<\/div>\n<\/div>\n<\/div>\n<\/div>\n<div dir=\"auto\"><\/div>\n<div dir=\"auto\"><\/div>\n<div dir=\"auto\"><\/div>\n<div dir=\"auto\"><\/div>\n<div dir=\"auto\"><img decoding=\"async\" loading=\"lazy\" class=\"alignnone size-full wp-image-13340\" src=\"https:\/\/gobernacionaltaverapaz.gob.gt\/wp-content\/uploads\/2022\/08\/02-21.jpg\" alt=\"\" width=\"900\" height=\"600\" srcset=\"https:\/\/gobernacionaltaverapaz.gob.gt\/wp-content\/uploads\/2022\/08\/02-21.jpg 900w, https:\/\/gobernacionaltaverapaz.gob.gt\/wp-content\/uploads\/2022\/08\/02-21-300x200.jpg 300w, https:\/\/gobernacionaltaverapaz.gob.gt\/wp-content\/uploads\/2022\/08\/02-21-768x512.jpg 768w\" sizes=\"(max-width: 900px) 100vw, 900px\" \/><\/div>\n","protected":false},"excerpt":{"rendered":"<p>#GuateAvanza Delegados del Consejo Nacional de \u00c1reas Protegidas #CONAP, llevaron a cabo la Capacitaci\u00f3n de personal guarda recursos y personal de la Municipalidad Lanquin A.V. En temas de \u00e1reas protegidas, planes operativos anuales, manejo forestal e instrumentos ambientales. Con la finalidad preparar y orientar al personal que d\u00eda con d\u00eda trabaja en el resguardo de [&hellip;]<\/p>\n","protected":false},"author":1,"featured_media":13341,"comment_status":"closed","ping_status":"open","sticky":false,"template":"","format":"standard","meta":[],"categories":[194],"tags":[178],"_links":{"self":[{"href":"https:\/\/gobernacionaltaverapaz.gob.gt\/index.php?rest_route=\/wp\/v2\/posts\/13339"}],"collection":[{"href":"https:\/\/gobernacionaltaverapaz.gob.gt\/index.php?rest_route=\/wp\/v2\/posts"}],"about":[{"href":"https:\/\/gobernacionaltaverapaz.gob.gt\/index.php?rest_route=\/wp\/v2\/types\/post"}],"author":[{"embeddable":true,"href":"https:\/\/gobernacionaltaverapaz.gob.gt\/index.php?rest_route=\/wp\/v2\/users\/1"}],"replies":[{"embeddable":true,"href":"https:\/\/gobernacionaltaverapaz.gob.gt\/index.php?rest_route=%2Fwp%2Fv2%2Fcomments&post=13339"}],"version-history":[{"count":1,"href":"https:\/\/gobernacionaltaverapaz.gob.gt\/index.php?rest_route=\/wp\/v2\/posts\/13339\/revisions"}],"predecessor-version":[{"id":13342,"href":"https:\/\/gobernacionaltaverapaz.gob.gt\/index.php?rest_route=\/wp\/v2\/posts\/13339\/revisions\/13342"}],"wp:featuredmedia":[{"embeddable":true,"href":"https:\/\/gobernacionaltaverapaz.gob.gt\/index.php?rest_route=\/wp\/v2\/media\/13341"}],"wp:attachment":[{"href":"https:\/\/gobernacionaltaverapaz.gob.gt\/index.php?rest_route=%2Fwp%2Fv2%2Fmedia&parent=13339"}],"wp:term":[{"taxonomy":"category","embeddable":true,"href":"https:\/\/gobernacionaltaverapaz.gob.gt\/index.php?rest_route=%2Fwp%2Fv2%2Fcategories&post=13339"},{"taxonomy":"post_tag","embeddable":true,"href":"https:\/\/gobernacionaltaverapaz.gob.gt\/index.php?rest_route=%2Fwp%2Fv2%2Ftags&post=13339"}],"curies":[{"name":"wp","href":"https:\/\/api.w.org\/{rel}","templated":true}]}}