{"id":13347,"date":"2022-08-09T09:32:54","date_gmt":"2022-08-09T15:32:54","guid":{"rendered":"https:\/\/gobernacionaltaverapaz.gob.gt\/?p=13347"},"modified":"2022-08-16T09:08:26","modified_gmt":"2022-08-16T15:08:26","slug":"foro-nacional-de-migracin-cambio-climtico","status":"publish","type":"post","link":"https:\/\/gobernacionaltaverapaz.gob.gt\/?p=13347","title":{"rendered":"Foro Nacional de Migraci\u00f3n y Cambio Clim\u00e1tico"},"content":{"rendered":"<div dir=\"auto\" style=\"text-align: justify;\"><a class=\"oajrlxb2 g5ia77u1 qu0x051f esr5mh6w e9989ue4 r7d6kgcz rq0escxv nhd2j8a9 nc684nl6 p7hjln8o kvgmc6g5 cxmmr5t8 oygrvhab hcukyx3x jb3vyjys rz4wbd8a qt6c0cv9 a8nywdso i1ao9s8h esuyzwwr f1sip0of lzcic4wl gpro0wi8 q66pz984 b1v8xokw\" tabindex=\"0\" role=\"link\" href=\"https:\/\/www.facebook.com\/hashtag\/guateavanza?__eep__=6&amp;__cft__[0]=AZVEq-5Gy81oNFFeRyg-BGEk87vdZnB6YQ6gV1q6EzIf3TsBA4r3KGZwJGAjVzvEgHf65S-AhJSl5Gy-bz3jyoQJlnYqxTsG5XoSX1lWMjWxtrvZnJfNSroLi2UiSkGrtYi9n0I6BGYECvGV7gSZYlbwJaDSqJoTen86xQZvx76I8w&amp;__tn__=*NK-R\">#GuateAvanza<\/a><\/div>\n<div dir=\"auto\" style=\"text-align: justify;\">Delegados Departamentales del <a class=\"oajrlxb2 g5ia77u1 qu0x051f esr5mh6w e9989ue4 r7d6kgcz rq0escxv nhd2j8a9 nc684nl6 p7hjln8o kvgmc6g5 cxmmr5t8 oygrvhab hcukyx3x jb3vyjys rz4wbd8a qt6c0cv9 a8nywdso i1ao9s8h esuyzwwr f1sip0of lzcic4wl gpro0wi8 q66pz984 b1v8xokw\" tabindex=\"0\" role=\"link\" href=\"https:\/\/www.facebook.com\/hashtag\/marn?__eep__=6&amp;__cft__[0]=AZVEq-5Gy81oNFFeRyg-BGEk87vdZnB6YQ6gV1q6EzIf3TsBA4r3KGZwJGAjVzvEgHf65S-AhJSl5Gy-bz3jyoQJlnYqxTsG5XoSX1lWMjWxtrvZnJfNSroLi2UiSkGrtYi9n0I6BGYECvGV7gSZYlbwJaDSqJoTen86xQZvx76I8w&amp;__tn__=*NK-R\">#MARN<\/a> de Alta Verapaz, participan en el Foro Nacional de Migraci\u00f3n y Cambio Clim\u00e1tico.<\/div>\n<div dir=\"auto\" style=\"text-align: justify;\">El objetivo de \u00e9ste; es dar a conocer los avances sobre la investigaci\u00f3n de la Migraci\u00f3n en Guatemala relacionada al cambio Clim\u00e1tico y la importancia de abordar el cambio clim\u00e1tico en la pol\u00edtica migratoria nacional, as\u00ed mismo se tuvo participaci\u00f3n en las mesas t\u00e9cnicas de trabajo.<\/div>\n<div dir=\"auto\" style=\"text-align: justify;\"><a class=\"oajrlxb2 g5ia77u1 qu0x051f esr5mh6w e9989ue4 r7d6kgcz rq0escxv nhd2j8a9 nc684nl6 p7hjln8o kvgmc6g5 cxmmr5t8 oygrvhab hcukyx3x jb3vyjys rz4wbd8a qt6c0cv9 a8nywdso i1ao9s8h esuyzwwr f1sip0of lzcic4wl gpro0wi8 q66pz984 b1v8xokw\" tabindex=\"0\" role=\"link\" href=\"https:\/\/www.facebook.com\/hashtag\/accionesmarn?__eep__=6&amp;__cft__[0]=AZVEq-5Gy81oNFFeRyg-BGEk87vdZnB6YQ6gV1q6EzIf3TsBA4r3KGZwJGAjVzvEgHf65S-AhJSl5Gy-bz3jyoQJlnYqxTsG5XoSX1lWMjWxtrvZnJfNSroLi2UiSkGrtYi9n0I6BGYECvGV7gSZYlbwJaDSqJoTen86xQZvx76I8w&amp;__tn__=*NK-R\">#AccionesMARN<\/a><\/div>\n<p>&nbsp;<\/p>\n<div><\/div>\n","protected":false},"excerpt":{"rendered":"<p>#GuateAvanza Delegados Departamentales del #MARN de Alta Verapaz, participan en el Foro Nacional de Migraci\u00f3n y Cambio Clim\u00e1tico. El objetivo de \u00e9ste; es dar a conocer los avances sobre la investigaci\u00f3n de la Migraci\u00f3n en Guatemala relacionada al cambio Clim\u00e1tico y la importancia de abordar el cambio clim\u00e1tico en la pol\u00edtica migratoria nacional, as\u00ed mismo [&hellip;]<\/p>\n","protected":false},"author":1,"featured_media":13343,"comment_status":"closed","ping_status":"open","sticky":false,"template":"","format":"gallery","meta":[],"categories":[194],"tags":[178],"_links":{"self":[{"href":"https:\/\/gobernacionaltaverapaz.gob.gt\/index.php?rest_route=\/wp\/v2\/posts\/13347"}],"collection":[{"href":"https:\/\/gobernacionaltaverapaz.gob.gt\/index.php?rest_route=\/wp\/v2\/posts"}],"about":[{"href":"https:\/\/gobernacionaltaverapaz.gob.gt\/index.php?rest_route=\/wp\/v2\/types\/post"}],"author":[{"embeddable":true,"href":"https:\/\/gobernacionaltaverapaz.gob.gt\/index.php?rest_route=\/wp\/v2\/users\/1"}],"replies":[{"embeddable":true,"href":"https:\/\/gobernacionaltaverapaz.gob.gt\/index.php?rest_route=%2Fwp%2Fv2%2Fcomments&post=13347"}],"version-history":[{"count":1,"href":"https:\/\/gobernacionaltaverapaz.gob.gt\/index.php?rest_route=\/wp\/v2\/posts\/13347\/revisions"}],"predecessor-version":[{"id":13348,"href":"https:\/\/gobernacionaltaverapaz.gob.gt\/index.php?rest_route=\/wp\/v2\/posts\/13347\/revisions\/13348"}],"wp:featuredmedia":[{"embeddable":true,"href":"https:\/\/gobernacionaltaverapaz.gob.gt\/index.php?rest_route=\/wp\/v2\/media\/13343"}],"wp:attachment":[{"href":"https:\/\/gobernacionaltaverapaz.gob.gt\/index.php?rest_route=%2Fwp%2Fv2%2Fmedia&parent=13347"}],"wp:term":[{"taxonomy":"category","embeddable":true,"href":"https:\/\/gobernacionaltaverapaz.gob.gt\/index.php?rest_route=%2Fwp%2Fv2%2Fcategories&post=13347"},{"taxonomy":"post_tag","embeddable":true,"href":"https:\/\/gobernacionaltaverapaz.gob.gt\/index.php?rest_route=%2Fwp%2Fv2%2Ftags&post=13347"}],"curies":[{"name":"wp","href":"https:\/\/api.w.org\/{rel}","templated":true}]}}