{"id":13349,"date":"2022-08-09T10:06:37","date_gmt":"2022-08-09T16:06:37","guid":{"rendered":"https:\/\/gobernacionaltaverapaz.gob.gt\/?p=13349"},"modified":"2022-08-16T09:16:48","modified_gmt":"2022-08-16T15:16:48","slug":"delegacin-departamental-del-marn-se-rene-con-el-alcalde-municipal-de-san-cristobal-verapaz","status":"publish","type":"post","link":"https:\/\/gobernacionaltaverapaz.gob.gt\/?p=13349","title":{"rendered":"Delegaci\u00f3n Departamental del MARN se re\u00fane con el Alcalde Municipal de San Cristobal Verapaz"},"content":{"rendered":"<div dir=\"auto\" style=\"text-align: justify;\">La Delegaci\u00f3n Departamental del <a class=\"oajrlxb2 g5ia77u1 qu0x051f esr5mh6w e9989ue4 r7d6kgcz rq0escxv nhd2j8a9 nc684nl6 p7hjln8o kvgmc6g5 cxmmr5t8 oygrvhab hcukyx3x jb3vyjys rz4wbd8a qt6c0cv9 a8nywdso i1ao9s8h esuyzwwr f1sip0of lzcic4wl gpro0wi8 q66pz984 b1v8xokw\" tabindex=\"0\" role=\"link\" href=\"https:\/\/www.facebook.com\/hashtag\/marn?__eep__=6&amp;__cft__[0]=AZWqYNrdS_r3OufkAU6oNvQpLJmi6Hk_6KVN1eEsqm4GgIv6ZVreQWsy-YAyryi0cd2-rt9v6TDNvUkOv-SjTiMA8QCc0VxKIepK8WbZ9Jy-xB9GpEqRat37uQthO21ppDa9Y_3o0LgGc2_G-ZgXk42994c-ySPVEgwkyNr3inxveQ&amp;__tn__=*NK-R\">#MARN<\/a>, se re\u00fane con el Alcalde Municipal de San Cristobal Verapaz, para dar seguimiento a los acciones que se realizan para la limpieza y cuidado de la Laguna Chichoj y dar seguimiento al proyecto de construcci\u00f3n de la Planta de Tratamiento de Aguas Residuales del Caser\u00edo Nisnic de esta jurisdicci\u00f3n.<\/div>\n<div dir=\"auto\"><a class=\"oajrlxb2 g5ia77u1 qu0x051f esr5mh6w e9989ue4 r7d6kgcz rq0escxv nhd2j8a9 nc684nl6 p7hjln8o kvgmc6g5 cxmmr5t8 oygrvhab hcukyx3x jb3vyjys rz4wbd8a qt6c0cv9 a8nywdso i1ao9s8h esuyzwwr f1sip0of lzcic4wl gpro0wi8 q66pz984 b1v8xokw\" tabindex=\"0\" role=\"link\" href=\"https:\/\/www.facebook.com\/MunicipalidadDeSanCristobalVerapaz?__cft__[0]=AZWqYNrdS_r3OufkAU6oNvQpLJmi6Hk_6KVN1eEsqm4GgIv6ZVreQWsy-YAyryi0cd2-rt9v6TDNvUkOv-SjTiMA8QCc0VxKIepK8WbZ9Jy-xB9GpEqRat37uQthO21ppDa9Y_3o0LgGc2_G-ZgXk42994c-ySPVEgwkyNr3inxveQ&amp;__tn__=-]K-R\"><span class=\"nc684nl6\">Municipalidad de San Crist\u00f3bal Verapaz, Administraci\u00f3n 2020 &#8211; 2024<\/span><\/a><\/div>\n<div dir=\"auto\"><a class=\"oajrlxb2 g5ia77u1 qu0x051f esr5mh6w e9989ue4 r7d6kgcz rq0escxv nhd2j8a9 nc684nl6 p7hjln8o kvgmc6g5 cxmmr5t8 oygrvhab hcukyx3x jb3vyjys rz4wbd8a qt6c0cv9 a8nywdso i1ao9s8h esuyzwwr f1sip0of lzcic4wl gpro0wi8 q66pz984 b1v8xokw\" tabindex=\"0\" role=\"link\" href=\"https:\/\/www.facebook.com\/hashtag\/juntosvamosporm%C3%A1s?__eep__=6&amp;__cft__[0]=AZWqYNrdS_r3OufkAU6oNvQpLJmi6Hk_6KVN1eEsqm4GgIv6ZVreQWsy-YAyryi0cd2-rt9v6TDNvUkOv-SjTiMA8QCc0VxKIepK8WbZ9Jy-xB9GpEqRat37uQthO21ppDa9Y_3o0LgGc2_G-ZgXk42994c-ySPVEgwkyNr3inxveQ&amp;__tn__=*NK-R\">#JuntosVamosPorM\u00e1s<\/a><\/div>\n<p>&nbsp;<\/p>\n<p><img decoding=\"async\" loading=\"lazy\" class=\"alignnone size-full wp-image-13351\" src=\"https:\/\/gobernacionaltaverapaz.gob.gt\/wp-content\/uploads\/2022\/08\/02-23.jpg\" alt=\"\" width=\"900\" height=\"600\" srcset=\"https:\/\/gobernacionaltaverapaz.gob.gt\/wp-content\/uploads\/2022\/08\/02-23.jpg 900w, https:\/\/gobernacionaltaverapaz.gob.gt\/wp-content\/uploads\/2022\/08\/02-23-300x200.jpg 300w, https:\/\/gobernacionaltaverapaz.gob.gt\/wp-content\/uploads\/2022\/08\/02-23-768x512.jpg 768w\" sizes=\"(max-width: 900px) 100vw, 900px\" \/><\/p>\n<div><\/div>\n","protected":false},"excerpt":{"rendered":"<p>La Delegaci\u00f3n Departamental del #MARN, se re\u00fane con el Alcalde Municipal de San Cristobal Verapaz, para dar seguimiento a los acciones que se realizan para la limpieza y cuidado de la Laguna Chichoj y dar seguimiento al proyecto de construcci\u00f3n de la Planta de Tratamiento de Aguas Residuales del Caser\u00edo Nisnic de esta jurisdicci\u00f3n. Municipalidad [&hellip;]<\/p>\n","protected":false},"author":1,"featured_media":13350,"comment_status":"closed","ping_status":"open","sticky":false,"template":"","format":"standard","meta":[],"categories":[194],"tags":[178],"_links":{"self":[{"href":"https:\/\/gobernacionaltaverapaz.gob.gt\/index.php?rest_route=\/wp\/v2\/posts\/13349"}],"collection":[{"href":"https:\/\/gobernacionaltaverapaz.gob.gt\/index.php?rest_route=\/wp\/v2\/posts"}],"about":[{"href":"https:\/\/gobernacionaltaverapaz.gob.gt\/index.php?rest_route=\/wp\/v2\/types\/post"}],"author":[{"embeddable":true,"href":"https:\/\/gobernacionaltaverapaz.gob.gt\/index.php?rest_route=\/wp\/v2\/users\/1"}],"replies":[{"embeddable":true,"href":"https:\/\/gobernacionaltaverapaz.gob.gt\/index.php?rest_route=%2Fwp%2Fv2%2Fcomments&post=13349"}],"version-history":[{"count":1,"href":"https:\/\/gobernacionaltaverapaz.gob.gt\/index.php?rest_route=\/wp\/v2\/posts\/13349\/revisions"}],"predecessor-version":[{"id":13352,"href":"https:\/\/gobernacionaltaverapaz.gob.gt\/index.php?rest_route=\/wp\/v2\/posts\/13349\/revisions\/13352"}],"wp:featuredmedia":[{"embeddable":true,"href":"https:\/\/gobernacionaltaverapaz.gob.gt\/index.php?rest_route=\/wp\/v2\/media\/13350"}],"wp:attachment":[{"href":"https:\/\/gobernacionaltaverapaz.gob.gt\/index.php?rest_route=%2Fwp%2Fv2%2Fmedia&parent=13349"}],"wp:term":[{"taxonomy":"category","embeddable":true,"href":"https:\/\/gobernacionaltaverapaz.gob.gt\/index.php?rest_route=%2Fwp%2Fv2%2Fcategories&post=13349"},{"taxonomy":"post_tag","embeddable":true,"href":"https:\/\/gobernacionaltaverapaz.gob.gt\/index.php?rest_route=%2Fwp%2Fv2%2Ftags&post=13349"}],"curies":[{"name":"wp","href":"https:\/\/api.w.org\/{rel}","templated":true}]}}