{"id":13359,"date":"2022-08-12T12:29:00","date_gmt":"2022-08-12T18:29:00","guid":{"rendered":"https:\/\/gobernacionaltaverapaz.gob.gt\/?p=13359"},"modified":"2022-08-16T09:56:10","modified_gmt":"2022-08-16T15:56:10","slug":"acto-de-entrega-de-lote-de-30-motocicletas-agentes-policiales","status":"publish","type":"post","link":"https:\/\/gobernacionaltaverapaz.gob.gt\/?p=13359","title":{"rendered":"Acto de entrega de un lote de 30 motocicletas a agentes policiales"},"content":{"rendered":"<div dir=\"auto\" style=\"text-align: justify;\">En cumplimiento al Proyecto de MEJORAMIENTO y REFUERZO PARA SEGURIDAD del Pa\u00eds implementado por el Sr. Presidente Constitucional de la Republica Dr. <a class=\"oajrlxb2 g5ia77u1 qu0x051f esr5mh6w e9989ue4 r7d6kgcz rq0escxv nhd2j8a9 nc684nl6 p7hjln8o kvgmc6g5 cxmmr5t8 oygrvhab hcukyx3x jb3vyjys rz4wbd8a qt6c0cv9 a8nywdso i1ao9s8h esuyzwwr f1sip0of lzcic4wl gpro0wi8 q66pz984 b1v8xokw\" tabindex=\"0\" role=\"link\" href=\"https:\/\/www.facebook.com\/AlejandroGiammattei?__cft__[0]=AZU5TBawbbdXE2UL1TwHMsIJuUKVeN76Kzb7YSnW_b5eo5-t2zIJmZE2DI-yUonoGlnOW73v29wjZjGE5tHKBp7dQG9KWRmJ-vpPI8VzasHWrPuMfFqHscsJYbcfmtxZCuE6tDa_T1JkuQsiayX4Yf9u6yWWcmgX0JuuHFuNw3wjMQ&amp;__tn__=-]K-R\"><span class=\"nc684nl6\">Alejandro Giammattei<\/span><\/a>, el d\u00eda de hoy en las instalaciones del palacio de Gobernaci\u00f3n de Alta Verapaz, Dr. Fernando Rodr\u00edguez Klarck, Gobernador Departamental, en compa\u00f1\u00eda del <a class=\"oajrlxb2 g5ia77u1 qu0x051f esr5mh6w e9989ue4 r7d6kgcz rq0escxv nhd2j8a9 nc684nl6 p7hjln8o kvgmc6g5 cxmmr5t8 oygrvhab hcukyx3x jb3vyjys rz4wbd8a qt6c0cv9 a8nywdso i1ao9s8h esuyzwwr f1sip0of lzcic4wl gpro0wi8 q66pz984 b1v8xokw\" tabindex=\"0\" role=\"link\" href=\"https:\/\/www.facebook.com\/PoloSalazarAV?__cft__[0]=AZU5TBawbbdXE2UL1TwHMsIJuUKVeN76Kzb7YSnW_b5eo5-t2zIJmZE2DI-yUonoGlnOW73v29wjZjGE5tHKBp7dQG9KWRmJ-vpPI8VzasHWrPuMfFqHscsJYbcfmtxZCuE6tDa_T1JkuQsiayX4Yf9u6yWWcmgX0JuuHFuNw3wjMQ&amp;__tn__=-]K-R\"><span class=\"nc684nl6\">Diputado Polo Salazar<\/span><\/a>, Comisario de Polic\u00eda Feliciano Cruz Jefe de Comisaria 51 y el Lic. Hugo Caal Asesor Jur\u00eddico de esta Comisaria. Se llev\u00f3 acabo el acto de entrega de un lote de 30 motocicletas a agentes policiales las cuales permitir\u00e1n continuar con los esfuerzos de los planes de seguridad en el territorio.<\/div>\n<div dir=\"auto\" style=\"text-align: justify;\"><a class=\"oajrlxb2 g5ia77u1 qu0x051f esr5mh6w e9989ue4 r7d6kgcz rq0escxv nhd2j8a9 nc684nl6 p7hjln8o kvgmc6g5 cxmmr5t8 oygrvhab hcukyx3x jb3vyjys rz4wbd8a qt6c0cv9 a8nywdso i1ao9s8h esuyzwwr f1sip0of lzcic4wl gpro0wi8 q66pz984 b1v8xokw\" tabindex=\"0\" role=\"link\" href=\"https:\/\/www.facebook.com\/guatemalagob?__cft__[0]=AZU5TBawbbdXE2UL1TwHMsIJuUKVeN76Kzb7YSnW_b5eo5-t2zIJmZE2DI-yUonoGlnOW73v29wjZjGE5tHKBp7dQG9KWRmJ-vpPI8VzasHWrPuMfFqHscsJYbcfmtxZCuE6tDa_T1JkuQsiayX4Yf9u6yWWcmgX0JuuHFuNw3wjMQ&amp;__tn__=-]K-R\"><span class=\"nc684nl6\">Gobierno de Guatemala<\/span><\/a> <a class=\"oajrlxb2 g5ia77u1 qu0x051f esr5mh6w e9989ue4 r7d6kgcz rq0escxv nhd2j8a9 nc684nl6 p7hjln8o kvgmc6g5 cxmmr5t8 oygrvhab hcukyx3x jb3vyjys rz4wbd8a qt6c0cv9 a8nywdso i1ao9s8h esuyzwwr f1sip0of lzcic4wl gpro0wi8 q66pz984 b1v8xokw\" tabindex=\"0\" role=\"link\" href=\"https:\/\/www.facebook.com\/PoliciaNacionalCivildeGuatemala?__cft__[0]=AZU5TBawbbdXE2UL1TwHMsIJuUKVeN76Kzb7YSnW_b5eo5-t2zIJmZE2DI-yUonoGlnOW73v29wjZjGE5tHKBp7dQG9KWRmJ-vpPI8VzasHWrPuMfFqHscsJYbcfmtxZCuE6tDa_T1JkuQsiayX4Yf9u6yWWcmgX0JuuHFuNw3wjMQ&amp;__tn__=-]K-R\"><span class=\"nc684nl6\">PNCdeGuatemala<\/span><\/a><\/div>\n<div dir=\"auto\" style=\"text-align: justify;\"><a class=\"oajrlxb2 g5ia77u1 qu0x051f esr5mh6w e9989ue4 r7d6kgcz rq0escxv nhd2j8a9 nc684nl6 p7hjln8o kvgmc6g5 cxmmr5t8 oygrvhab hcukyx3x jb3vyjys rz4wbd8a qt6c0cv9 a8nywdso i1ao9s8h esuyzwwr f1sip0of lzcic4wl gpro0wi8 q66pz984 b1v8xokw\" tabindex=\"0\" role=\"link\" href=\"https:\/\/www.facebook.com\/hashtag\/juntosvamosporm%C3%A1s?__eep__=6&amp;__cft__[0]=AZU5TBawbbdXE2UL1TwHMsIJuUKVeN76Kzb7YSnW_b5eo5-t2zIJmZE2DI-yUonoGlnOW73v29wjZjGE5tHKBp7dQG9KWRmJ-vpPI8VzasHWrPuMfFqHscsJYbcfmtxZCuE6tDa_T1JkuQsiayX4Yf9u6yWWcmgX0JuuHFuNw3wjMQ&amp;__tn__=*NK-R\">#JuntosVamosPorM\u00e1s<\/a> <a class=\"oajrlxb2 g5ia77u1 qu0x051f esr5mh6w e9989ue4 r7d6kgcz rq0escxv nhd2j8a9 nc684nl6 p7hjln8o kvgmc6g5 cxmmr5t8 oygrvhab hcukyx3x jb3vyjys rz4wbd8a qt6c0cv9 a8nywdso i1ao9s8h esuyzwwr f1sip0of lzcic4wl gpro0wi8 q66pz984 b1v8xokw\" tabindex=\"0\" role=\"link\" href=\"https:\/\/www.facebook.com\/hashtag\/accionesquetransforman?__eep__=6&amp;__cft__[0]=AZU5TBawbbdXE2UL1TwHMsIJuUKVeN76Kzb7YSnW_b5eo5-t2zIJmZE2DI-yUonoGlnOW73v29wjZjGE5tHKBp7dQG9KWRmJ-vpPI8VzasHWrPuMfFqHscsJYbcfmtxZCuE6tDa_T1JkuQsiayX4Yf9u6yWWcmgX0JuuHFuNw3wjMQ&amp;__tn__=*NK-R\">#AccionesQueTransforman<\/p>\n<p><\/a><\/div>\n<div dir=\"auto\"><\/div>\n<div dir=\"auto\"><\/div>\n<div dir=\"auto\"><\/div>\n<div dir=\"auto\">\n<div><\/div>\n<\/div>\n<p>&nbsp;<\/p>\n","protected":false},"excerpt":{"rendered":"<p>En cumplimiento al Proyecto de MEJORAMIENTO y REFUERZO PARA SEGURIDAD del Pa\u00eds implementado por el Sr. Presidente Constitucional de la Republica Dr. Alejandro Giammattei, el d\u00eda de hoy en las instalaciones del palacio de Gobernaci\u00f3n de Alta Verapaz, Dr. Fernando Rodr\u00edguez Klarck, Gobernador Departamental, en compa\u00f1\u00eda del Diputado Polo Salazar, Comisario de Polic\u00eda Feliciano Cruz [&hellip;]<\/p>\n","protected":false},"author":1,"featured_media":13353,"comment_status":"closed","ping_status":"open","sticky":false,"template":"","format":"gallery","meta":[],"categories":[182],"tags":[178],"_links":{"self":[{"href":"https:\/\/gobernacionaltaverapaz.gob.gt\/index.php?rest_route=\/wp\/v2\/posts\/13359"}],"collection":[{"href":"https:\/\/gobernacionaltaverapaz.gob.gt\/index.php?rest_route=\/wp\/v2\/posts"}],"about":[{"href":"https:\/\/gobernacionaltaverapaz.gob.gt\/index.php?rest_route=\/wp\/v2\/types\/post"}],"author":[{"embeddable":true,"href":"https:\/\/gobernacionaltaverapaz.gob.gt\/index.php?rest_route=\/wp\/v2\/users\/1"}],"replies":[{"embeddable":true,"href":"https:\/\/gobernacionaltaverapaz.gob.gt\/index.php?rest_route=%2Fwp%2Fv2%2Fcomments&post=13359"}],"version-history":[{"count":2,"href":"https:\/\/gobernacionaltaverapaz.gob.gt\/index.php?rest_route=\/wp\/v2\/posts\/13359\/revisions"}],"predecessor-version":[{"id":13361,"href":"https:\/\/gobernacionaltaverapaz.gob.gt\/index.php?rest_route=\/wp\/v2\/posts\/13359\/revisions\/13361"}],"wp:featuredmedia":[{"embeddable":true,"href":"https:\/\/gobernacionaltaverapaz.gob.gt\/index.php?rest_route=\/wp\/v2\/media\/13353"}],"wp:attachment":[{"href":"https:\/\/gobernacionaltaverapaz.gob.gt\/index.php?rest_route=%2Fwp%2Fv2%2Fmedia&parent=13359"}],"wp:term":[{"taxonomy":"category","embeddable":true,"href":"https:\/\/gobernacionaltaverapaz.gob.gt\/index.php?rest_route=%2Fwp%2Fv2%2Fcategories&post=13359"},{"taxonomy":"post_tag","embeddable":true,"href":"https:\/\/gobernacionaltaverapaz.gob.gt\/index.php?rest_route=%2Fwp%2Fv2%2Ftags&post=13359"}],"curies":[{"name":"wp","href":"https:\/\/api.w.org\/{rel}","templated":true}]}}