{"id":13386,"date":"2022-08-16T14:36:48","date_gmt":"2022-08-16T20:36:48","guid":{"rendered":"https:\/\/gobernacionaltaverapaz.gob.gt\/?p=13386"},"modified":"2022-08-29T11:03:02","modified_gmt":"2022-08-29T17:03:02","slug":"mesa-de-dilogo-con-lderes-comunitarios","status":"publish","type":"post","link":"https:\/\/gobernacionaltaverapaz.gob.gt\/?p=13386","title":{"rendered":"Mesa de Di\u00e1logo con L\u00edderes Comunitarios"},"content":{"rendered":"<div class=\"\" dir=\"auto\">\n<div id=\"jsc_c_20v\" class=\"d2hqwtrz r227ecj6 ez8dtbzv gt60zsk1\" data-ad-comet-preview=\"message\" data-ad-preview=\"message\">\n<div class=\"alzwoclg cqf1kptm siwo0mpr gu5uzgus\">\n<div class=\"jroqu855 nthtkgg5\">\n<div class=\"m8h3af8h l7ghb35v kjdc1dyq kmwttqpk gh25dzvf n3t5jt4f\">\n<div dir=\"auto\"><a class=\"qi72231t nu7423ey n3hqoq4p r86q59rh b3qcqh3k fq87ekyn bdao358l fsf7x5fv rse6dlih s5oniofx m8h3af8h l7ghb35v kjdc1dyq kmwttqpk srn514ro oxkhqvkx rl78xhln nch0832m cr00lzj9 rn8ck1ys s3jn8y49 icdlwmnq cxfqmxzd d1w2l3lo tes86rjd\" tabindex=\"0\" role=\"link\" href=\"https:\/\/www.facebook.com\/hashtag\/accionesquetransforman?__eep__=6&amp;__cft__[0]=AZUUHdNspZMHbJiFJS10vHZgcswoIuTZL-SjR8F2zewHEvIp8NrN3uYdz7xPwf78sinPrOehk7AjXGo6tUbch3AxdXA5yafsziHgTIEYAt8igLCr34m31vJrmH2YrFTBCWxRXNG5Tls0vOhqJll3pTekwHUElhSfoL4m0AK5aOCoyQ&amp;__tn__=*NK-R\">#AccionesQueTransforman<\/a><\/div>\n<div dir=\"auto\" style=\"text-align: justify;\">Dr. Fernando Rodriguez Klarck, Gobernador de Alta Verapaz, en compa\u00f1ia del se\u00f1or Alcalde de Fray Bartolom\u00e9 de las Casas Sr. Arnoldo Fontana, llevaron a cabo mesa de di\u00e1logo con L\u00edderes Comunitarios de esta jurisdicci\u00f3n, con el objetivo de procurar soluciones ante la petici\u00f3n de mejoramiento del tramo carretero Champenguano &#8211; Actela de la Franja Transversal del Norte.<\/div>\n<div dir=\"auto\" style=\"text-align: justify;\"><a class=\"qi72231t nu7423ey n3hqoq4p r86q59rh b3qcqh3k fq87ekyn bdao358l fsf7x5fv rse6dlih s5oniofx m8h3af8h l7ghb35v kjdc1dyq kmwttqpk srn514ro oxkhqvkx rl78xhln nch0832m cr00lzj9 rn8ck1ys s3jn8y49 icdlwmnq cxfqmxzd d1w2l3lo tes86rjd\" tabindex=\"0\" role=\"link\" href=\"https:\/\/www.facebook.com\/hashtag\/juntosvamospormas?__eep__=6&amp;__cft__[0]=AZUUHdNspZMHbJiFJS10vHZgcswoIuTZL-SjR8F2zewHEvIp8NrN3uYdz7xPwf78sinPrOehk7AjXGo6tUbch3AxdXA5yafsziHgTIEYAt8igLCr34m31vJrmH2YrFTBCWxRXNG5Tls0vOhqJll3pTekwHUElhSfoL4m0AK5aOCoyQ&amp;__tn__=*NK-R\">#JuntosVamosPorMas<\/a><\/div>\n<div dir=\"auto\" style=\"text-align: justify;\"><a class=\"qi72231t nu7423ey n3hqoq4p r86q59rh b3qcqh3k fq87ekyn bdao358l fsf7x5fv rse6dlih s5oniofx m8h3af8h l7ghb35v kjdc1dyq kmwttqpk srn514ro oxkhqvkx rl78xhln nch0832m cr00lzj9 rn8ck1ys s3jn8y49 icdlwmnq cxfqmxzd d1w2l3lo tes86rjd\" tabindex=\"0\" role=\"link\" href=\"https:\/\/www.facebook.com\/MuniFrayBartolomeDeLasCasas\/?__cft__[0]=AZUUHdNspZMHbJiFJS10vHZgcswoIuTZL-SjR8F2zewHEvIp8NrN3uYdz7xPwf78sinPrOehk7AjXGo6tUbch3AxdXA5yafsziHgTIEYAt8igLCr34m31vJrmH2YrFTBCWxRXNG5Tls0vOhqJll3pTekwHUElhSfoL4m0AK5aOCoyQ&amp;__tn__=kK-R\"><span class=\"rse6dlih\">Municipalidad Fray Bartolom\u00e9 de las Casas, A.V.<\/span><\/a><\/div>\n<div dir=\"auto\" style=\"text-align: justify;\"><a class=\"qi72231t nu7423ey n3hqoq4p r86q59rh b3qcqh3k fq87ekyn bdao358l fsf7x5fv rse6dlih s5oniofx m8h3af8h l7ghb35v kjdc1dyq kmwttqpk srn514ro oxkhqvkx rl78xhln nch0832m cr00lzj9 rn8ck1ys s3jn8y49 icdlwmnq cxfqmxzd d1w2l3lo tes86rjd\" tabindex=\"0\" role=\"link\" href=\"https:\/\/www.facebook.com\/civguate?__cft__[0]=AZUUHdNspZMHbJiFJS10vHZgcswoIuTZL-SjR8F2zewHEvIp8NrN3uYdz7xPwf78sinPrOehk7AjXGo6tUbch3AxdXA5yafsziHgTIEYAt8igLCr34m31vJrmH2YrFTBCWxRXNG5Tls0vOhqJll3pTekwHUElhSfoL4m0AK5aOCoyQ&amp;__tn__=-]K-R\"><span class=\"rse6dlih\">CIV- Ministerio de Comunicaciones<\/span><\/a><\/div>\n<\/div>\n<\/div>\n<\/div>\n<\/div>\n<\/div>\n<div dir=\"auto\"><\/div>\n<div dir=\"auto\"><\/div>\n<div dir=\"auto\"><\/div>\n<div dir=\"auto\"><\/div>\n<div dir=\"auto\"><\/div>\n<div dir=\"auto\">\n<div><\/div>\n<\/div>\n<div dir=\"auto\"><\/div>\n","protected":false},"excerpt":{"rendered":"<p>#AccionesQueTransforman Dr. Fernando Rodriguez Klarck, Gobernador de Alta Verapaz, en compa\u00f1ia del se\u00f1or Alcalde de Fray Bartolom\u00e9 de las Casas Sr. Arnoldo Fontana, llevaron a cabo mesa de di\u00e1logo con L\u00edderes Comunitarios de esta jurisdicci\u00f3n, con el objetivo de procurar soluciones ante la petici\u00f3n de mejoramiento del tramo carretero Champenguano &#8211; Actela de la Franja [&hellip;]<\/p>\n","protected":false},"author":1,"featured_media":13381,"comment_status":"closed","ping_status":"open","sticky":false,"template":"","format":"gallery","meta":[],"categories":[194],"tags":[178],"_links":{"self":[{"href":"https:\/\/gobernacionaltaverapaz.gob.gt\/index.php?rest_route=\/wp\/v2\/posts\/13386"}],"collection":[{"href":"https:\/\/gobernacionaltaverapaz.gob.gt\/index.php?rest_route=\/wp\/v2\/posts"}],"about":[{"href":"https:\/\/gobernacionaltaverapaz.gob.gt\/index.php?rest_route=\/wp\/v2\/types\/post"}],"author":[{"embeddable":true,"href":"https:\/\/gobernacionaltaverapaz.gob.gt\/index.php?rest_route=\/wp\/v2\/users\/1"}],"replies":[{"embeddable":true,"href":"https:\/\/gobernacionaltaverapaz.gob.gt\/index.php?rest_route=%2Fwp%2Fv2%2Fcomments&post=13386"}],"version-history":[{"count":1,"href":"https:\/\/gobernacionaltaverapaz.gob.gt\/index.php?rest_route=\/wp\/v2\/posts\/13386\/revisions"}],"predecessor-version":[{"id":13387,"href":"https:\/\/gobernacionaltaverapaz.gob.gt\/index.php?rest_route=\/wp\/v2\/posts\/13386\/revisions\/13387"}],"wp:featuredmedia":[{"embeddable":true,"href":"https:\/\/gobernacionaltaverapaz.gob.gt\/index.php?rest_route=\/wp\/v2\/media\/13381"}],"wp:attachment":[{"href":"https:\/\/gobernacionaltaverapaz.gob.gt\/index.php?rest_route=%2Fwp%2Fv2%2Fmedia&parent=13386"}],"wp:term":[{"taxonomy":"category","embeddable":true,"href":"https:\/\/gobernacionaltaverapaz.gob.gt\/index.php?rest_route=%2Fwp%2Fv2%2Fcategories&post=13386"},{"taxonomy":"post_tag","embeddable":true,"href":"https:\/\/gobernacionaltaverapaz.gob.gt\/index.php?rest_route=%2Fwp%2Fv2%2Ftags&post=13386"}],"curies":[{"name":"wp","href":"https:\/\/api.w.org\/{rel}","templated":true}]}}