{"id":13399,"date":"2022-08-17T14:13:35","date_gmt":"2022-08-17T20:13:35","guid":{"rendered":"https:\/\/gobernacionaltaverapaz.gob.gt\/?p=13399"},"modified":"2022-08-29T11:25:17","modified_gmt":"2022-08-29T17:25:17","slug":"entrega-de-recursos-de-ayuda-humanitaria-familias-de-10-comunidades-del-municipio-de-panzs-av","status":"publish","type":"post","link":"https:\/\/gobernacionaltaverapaz.gob.gt\/?p=13399","title":{"rendered":"Entrega de recursos de ayuda humanitaria a familias de 10 comunidades del Municipio de Panz\u00f3s A.V."},"content":{"rendered":"<div class=\"m8h3af8h l7ghb35v kjdc1dyq kmwttqpk gh25dzvf n3t5jt4f\">\n<div dir=\"auto\" style=\"text-align: justify;\">Gobernador de Alta Verapaz, Dr. Fernando Rodr\u00edguez Klarck, en su calidad de Director del Centro de Operaciones de Emergencia, en compa\u00f1ia de personal de la Secretar\u00eda Ejecutiva de la Coordinadora Nacional para la Reducci\u00f3n de Desastres SE-CONRED, llevaron a cabo la entrega de recursos de ayuda humanitaria a familias de 10 comunidades del Municipio de Panz\u00f3s A.V. siendo estas:<\/div>\n<div dir=\"auto\" style=\"text-align: justify;\">\u2022 Aldea Cahaboncito.<\/div>\n<div dir=\"auto\" style=\"text-align: justify;\">\u2022 Aldea Teleman, Barrio el Centro Sector el Sauce.<\/div>\n<div dir=\"auto\" style=\"text-align: justify;\">\u2022 Aldea Teleman, Sector San Marcos.<\/div>\n<div dir=\"auto\" style=\"text-align: justify;\">\u2022 Aldea Teleman, Caser\u00edo Panlha Xucup.<\/div>\n<div dir=\"auto\" style=\"text-align: justify;\">\u2022 Aldea Teleman, Lotificacion Chivich.<\/div>\n<div dir=\"auto\" style=\"text-align: justify;\">\u2022 Caser\u00edo Uni\u00f3n los Recuerdos.<\/div>\n<div dir=\"auto\" style=\"text-align: justify;\">\u2022 Caser\u00edo Mirador Semahu.<\/div>\n<div dir=\"auto\" style=\"text-align: justify;\">\u2022 Caser\u00edo Lagartos.<\/div>\n<div dir=\"auto\" style=\"text-align: justify;\">\u2022 Parcelamiento San Vicente I y<\/div>\n<div dir=\"auto\" style=\"text-align: justify;\">\u2022 Barrio el Esfuerzo.<\/div>\n<\/div>\n<div class=\"l7ghb35v kjdc1dyq kmwttqpk gh25dzvf jikcssrz n3t5jt4f\" style=\"text-align: justify;\">\n<div dir=\"auto\">Brind\u00e1ndole apoyo a un total de 280 familias conformadas por 966 personas.<\/div>\n<\/div>\n<div class=\"l7ghb35v kjdc1dyq kmwttqpk gh25dzvf jikcssrz n3t5jt4f\">\n<div dir=\"auto\" style=\"text-align: justify;\">Acciones realizadas en cumplimiento a las instrucciones del Sr. Presidente de la Rep\u00fablica de Guatemala, Dr. <a class=\"qi72231t nu7423ey n3hqoq4p r86q59rh b3qcqh3k fq87ekyn bdao358l fsf7x5fv rse6dlih s5oniofx m8h3af8h l7ghb35v kjdc1dyq kmwttqpk srn514ro oxkhqvkx rl78xhln nch0832m cr00lzj9 rn8ck1ys s3jn8y49 icdlwmnq cxfqmxzd d1w2l3lo tes86rjd\" tabindex=\"0\" role=\"link\" href=\"https:\/\/www.facebook.com\/AlejandroGiammattei?__cft__[0]=AZUVnEhyWzVmILYwG_HErWMbU1t61mKi_LkuNxEOZGca5MNeEWeBMMgayDyvHBMDZCfocHNsKe9pxyiL5fg5s3SJyYkYEcjjd1FB4DWGOD6W73-Mpe7yMR6RQsEXOGZXwogCl8ue48mmd_6JCrN_rN6yVXeRxlv3wYYIaH7HV97V8A&amp;__tn__=-]K-R\"><span class=\"rse6dlih\">Alejandro Giammattei<\/span><\/a>.<\/div>\n<\/div>\n<div dir=\"auto\"><\/div>\n<div dir=\"auto\"><\/div>\n<div dir=\"auto\"><\/div>\n<div dir=\"auto\">\n<div><\/div>\n<\/div>\n<p>&nbsp;<\/p>\n","protected":false},"excerpt":{"rendered":"<p>Gobernador de Alta Verapaz, Dr. Fernando Rodr\u00edguez Klarck, en su calidad de Director del Centro de Operaciones de Emergencia, en compa\u00f1ia de personal de la Secretar\u00eda Ejecutiva de la Coordinadora Nacional para la Reducci\u00f3n de Desastres SE-CONRED, llevaron a cabo la entrega de recursos de ayuda humanitaria a familias de 10 comunidades del Municipio de [&hellip;]<\/p>\n","protected":false},"author":1,"featured_media":13391,"comment_status":"closed","ping_status":"open","sticky":false,"template":"","format":"gallery","meta":[],"categories":[182],"tags":[178],"_links":{"self":[{"href":"https:\/\/gobernacionaltaverapaz.gob.gt\/index.php?rest_route=\/wp\/v2\/posts\/13399"}],"collection":[{"href":"https:\/\/gobernacionaltaverapaz.gob.gt\/index.php?rest_route=\/wp\/v2\/posts"}],"about":[{"href":"https:\/\/gobernacionaltaverapaz.gob.gt\/index.php?rest_route=\/wp\/v2\/types\/post"}],"author":[{"embeddable":true,"href":"https:\/\/gobernacionaltaverapaz.gob.gt\/index.php?rest_route=\/wp\/v2\/users\/1"}],"replies":[{"embeddable":true,"href":"https:\/\/gobernacionaltaverapaz.gob.gt\/index.php?rest_route=%2Fwp%2Fv2%2Fcomments&post=13399"}],"version-history":[{"count":1,"href":"https:\/\/gobernacionaltaverapaz.gob.gt\/index.php?rest_route=\/wp\/v2\/posts\/13399\/revisions"}],"predecessor-version":[{"id":13400,"href":"https:\/\/gobernacionaltaverapaz.gob.gt\/index.php?rest_route=\/wp\/v2\/posts\/13399\/revisions\/13400"}],"wp:featuredmedia":[{"embeddable":true,"href":"https:\/\/gobernacionaltaverapaz.gob.gt\/index.php?rest_route=\/wp\/v2\/media\/13391"}],"wp:attachment":[{"href":"https:\/\/gobernacionaltaverapaz.gob.gt\/index.php?rest_route=%2Fwp%2Fv2%2Fmedia&parent=13399"}],"wp:term":[{"taxonomy":"category","embeddable":true,"href":"https:\/\/gobernacionaltaverapaz.gob.gt\/index.php?rest_route=%2Fwp%2Fv2%2Fcategories&post=13399"},{"taxonomy":"post_tag","embeddable":true,"href":"https:\/\/gobernacionaltaverapaz.gob.gt\/index.php?rest_route=%2Fwp%2Fv2%2Ftags&post=13399"}],"curies":[{"name":"wp","href":"https:\/\/api.w.org\/{rel}","templated":true}]}}