{"id":13404,"date":"2022-08-18T10:03:17","date_gmt":"2022-08-18T16:03:17","guid":{"rendered":"https:\/\/gobernacionaltaverapaz.gob.gt\/?p=13404"},"modified":"2022-08-29T11:37:56","modified_gmt":"2022-08-29T17:37:56","slug":"jornada-de-reforestacin-con-grupo-de-mujeres-nios-en-la-comunidad-vista-hermosa","status":"publish","type":"post","link":"https:\/\/gobernacionaltaverapaz.gob.gt\/?p=13404","title":{"rendered":"Jornada de reforestaci\u00f3n con un grupo de mujeres y ni\u00f1os en la Comunidad Vista Hermosa"},"content":{"rendered":"<div class=\"m8h3af8h l7ghb35v kjdc1dyq kmwttqpk gh25dzvf n3t5jt4f\">\n<div dir=\"auto\" style=\"text-align: justify;\">\n<p><a class=\"qi72231t nu7423ey n3hqoq4p r86q59rh b3qcqh3k fq87ekyn bdao358l fsf7x5fv rse6dlih s5oniofx m8h3af8h l7ghb35v kjdc1dyq kmwttqpk srn514ro oxkhqvkx rl78xhln nch0832m cr00lzj9 rn8ck1ys s3jn8y49 icdlwmnq cxfqmxzd d1w2l3lo tes86rjd\" tabindex=\"0\" role=\"link\" href=\"https:\/\/www.facebook.com\/hashtag\/inab?__eep__=6&amp;__cft__[0]=AZXhJDRZfegOoRgW_6xWWZITlo8C03Id2qmCSPxD6wILzhznzPoMEfJEH95N6THqZsHtrXeYhVNJNXIfWNh5dYDpD8Xhp-J8pBd8s-vVf5vNIqA7g6UlSQy_7M0ZXKeEz1pQTL09PP8VSpu37cpkLCwx-l7fLpyvR6_QAJyIA5UlwA&amp;__tn__=*NK-R\">#INAB<\/a> continua reforestando en las Verapaces, a trav\u00e9s del Programa Sembrando Huella desarrollaron una jornada de reforestaci\u00f3n con un grupo de mujeres y ni\u00f1os en la Comunidad Vista Hermosa del municipio de Sancrist\u00f3bal Verapaz, plantando 140 \u00e1rboles de la especie pino maximinoi, con esta actividad impulsan la importancia de reforestar para mejorar:<\/p>\n<\/div>\n<div dir=\"auto\"><\/div>\n<\/div>\n<div class=\"l7ghb35v kjdc1dyq kmwttqpk gh25dzvf jikcssrz n3t5jt4f\">\n<div dir=\"auto\">\u00a0La biodiversidad<\/div>\n<\/div>\n<div class=\"l7ghb35v kjdc1dyq kmwttqpk gh25dzvf jikcssrz n3t5jt4f\">\n<div dir=\"auto\">La restauraci\u00f3n del h\u00e1bitat natural<\/div>\n<\/div>\n<div class=\"l7ghb35v kjdc1dyq kmwttqpk gh25dzvf jikcssrz n3t5jt4f\">\n<div dir=\"auto\">La Calidad y ciclo del agua<\/div>\n<\/div>\n<div class=\"l7ghb35v kjdc1dyq kmwttqpk gh25dzvf jikcssrz n3t5jt4f\">\n<div dir=\"auto\">\n<p>La Fertilidad del suelo<\/p>\n<div><\/div>\n<\/div>\n<\/div>\n<div dir=\"auto\"><\/div>\n<div dir=\"auto\"><\/div>\n<div dir=\"auto\"><\/div>\n<div dir=\"auto\"><\/div>\n<div dir=\"auto\"><\/div>\n<p>&nbsp;<\/p>\n","protected":false},"excerpt":{"rendered":"<p>#INAB continua reforestando en las Verapaces, a trav\u00e9s del Programa Sembrando Huella desarrollaron una jornada de reforestaci\u00f3n con un grupo de mujeres y ni\u00f1os en la Comunidad Vista Hermosa del municipio de Sancrist\u00f3bal Verapaz, plantando 140 \u00e1rboles de la especie pino maximinoi, con esta actividad impulsan la importancia de reforestar para mejorar: \u00a0La biodiversidad La [&hellip;]<\/p>\n","protected":false},"author":1,"featured_media":13401,"comment_status":"closed","ping_status":"open","sticky":false,"template":"","format":"gallery","meta":[],"categories":[6],"tags":[178],"_links":{"self":[{"href":"https:\/\/gobernacionaltaverapaz.gob.gt\/index.php?rest_route=\/wp\/v2\/posts\/13404"}],"collection":[{"href":"https:\/\/gobernacionaltaverapaz.gob.gt\/index.php?rest_route=\/wp\/v2\/posts"}],"about":[{"href":"https:\/\/gobernacionaltaverapaz.gob.gt\/index.php?rest_route=\/wp\/v2\/types\/post"}],"author":[{"embeddable":true,"href":"https:\/\/gobernacionaltaverapaz.gob.gt\/index.php?rest_route=\/wp\/v2\/users\/1"}],"replies":[{"embeddable":true,"href":"https:\/\/gobernacionaltaverapaz.gob.gt\/index.php?rest_route=%2Fwp%2Fv2%2Fcomments&post=13404"}],"version-history":[{"count":4,"href":"https:\/\/gobernacionaltaverapaz.gob.gt\/index.php?rest_route=\/wp\/v2\/posts\/13404\/revisions"}],"predecessor-version":[{"id":13408,"href":"https:\/\/gobernacionaltaverapaz.gob.gt\/index.php?rest_route=\/wp\/v2\/posts\/13404\/revisions\/13408"}],"wp:featuredmedia":[{"embeddable":true,"href":"https:\/\/gobernacionaltaverapaz.gob.gt\/index.php?rest_route=\/wp\/v2\/media\/13401"}],"wp:attachment":[{"href":"https:\/\/gobernacionaltaverapaz.gob.gt\/index.php?rest_route=%2Fwp%2Fv2%2Fmedia&parent=13404"}],"wp:term":[{"taxonomy":"category","embeddable":true,"href":"https:\/\/gobernacionaltaverapaz.gob.gt\/index.php?rest_route=%2Fwp%2Fv2%2Fcategories&post=13404"},{"taxonomy":"post_tag","embeddable":true,"href":"https:\/\/gobernacionaltaverapaz.gob.gt\/index.php?rest_route=%2Fwp%2Fv2%2Ftags&post=13404"}],"curies":[{"name":"wp","href":"https:\/\/api.w.org\/{rel}","templated":true}]}}