{"id":13409,"date":"2022-08-21T13:58:58","date_gmt":"2022-08-21T19:58:58","guid":{"rendered":"https:\/\/gobernacionaltaverapaz.gob.gt\/?p=13409"},"modified":"2022-08-29T11:48:57","modified_gmt":"2022-08-29T17:48:57","slug":"clausura-del-proyecto-denominado-transfrmate-mujeres-libres-de-violencia","status":"publish","type":"post","link":"https:\/\/gobernacionaltaverapaz.gob.gt\/?p=13409","title":{"rendered":"Clausura del proyecto denominado \u201cTransf\u00f3rmate, Mujeres libres de violencia\u201d"},"content":{"rendered":"<div dir=\"auto\" style=\"text-align: justify;\">Clausura Diplomado &#8220;Liderazgo Comunitario Fortalecido y Comprometido en la Prevenci\u00f3n de la Violencia&#8221;<\/div>\n<div dir=\"auto\" style=\"text-align: justify;\">A realizarse el d\u00eda Lunes 22 de agosto 2022.<\/div>\n<div dir=\"auto\" style=\"text-align: justify;\"><a class=\"qi72231t nu7423ey n3hqoq4p r86q59rh b3qcqh3k fq87ekyn bdao358l fsf7x5fv rse6dlih s5oniofx m8h3af8h l7ghb35v kjdc1dyq kmwttqpk srn514ro oxkhqvkx rl78xhln nch0832m cr00lzj9 rn8ck1ys s3jn8y49 icdlwmnq cxfqmxzd d1w2l3lo tes86rjd\" tabindex=\"0\" role=\"link\" href=\"https:\/\/www.facebook.com\/guatemalagob?__cft__[0]=AZVYIqsyzvOGiTDdQxpbXyqnYxUJutMDGo56hYQ9m2hKeR1mQb8tkh2NCa_Fi8ExJVvu7UjvlkToVnlLe2z_0vBxlJ1jRZtXJjrTe2qmaSaHsmUKzA7mj6ThAUbofw859vJqtC7C6Mq8_ZXlHs5RPJ6Hn5SU6NnftJlxWEz9cWRB53jjZ6Iw-MN_IZdz0FWoAls&amp;__tn__=-]K-R\"><span class=\"rse6dlih\">Gobierno de Guatemala<\/span><\/a> <a class=\"qi72231t nu7423ey n3hqoq4p r86q59rh b3qcqh3k fq87ekyn bdao358l fsf7x5fv rse6dlih s5oniofx m8h3af8h l7ghb35v kjdc1dyq kmwttqpk srn514ro oxkhqvkx rl78xhln nch0832m cr00lzj9 rn8ck1ys s3jn8y49 icdlwmnq cxfqmxzd d1w2l3lo tes86rjd\" tabindex=\"0\" role=\"link\" href=\"https:\/\/www.facebook.com\/AlejandroGiammattei?__cft__[0]=AZVYIqsyzvOGiTDdQxpbXyqnYxUJutMDGo56hYQ9m2hKeR1mQb8tkh2NCa_Fi8ExJVvu7UjvlkToVnlLe2z_0vBxlJ1jRZtXJjrTe2qmaSaHsmUKzA7mj6ThAUbofw859vJqtC7C6Mq8_ZXlHs5RPJ6Hn5SU6NnftJlxWEz9cWRB53jjZ6Iw-MN_IZdz0FWoAls&amp;__tn__=-]K-R\"><span class=\"rse6dlih\">Alejandro Giammattei<\/span><\/a> <a class=\"qi72231t nu7423ey n3hqoq4p r86q59rh b3qcqh3k fq87ekyn bdao358l fsf7x5fv rse6dlih s5oniofx m8h3af8h l7ghb35v kjdc1dyq kmwttqpk srn514ro oxkhqvkx rl78xhln nch0832m cr00lzj9 rn8ck1ys s3jn8y49 icdlwmnq cxfqmxzd d1w2l3lo tes86rjd\" tabindex=\"0\" role=\"link\" href=\"https:\/\/www.facebook.com\/secretariasvet?__cft__[0]=AZVYIqsyzvOGiTDdQxpbXyqnYxUJutMDGo56hYQ9m2hKeR1mQb8tkh2NCa_Fi8ExJVvu7UjvlkToVnlLe2z_0vBxlJ1jRZtXJjrTe2qmaSaHsmUKzA7mj6ThAUbofw859vJqtC7C6Mq8_ZXlHs5RPJ6Hn5SU6NnftJlxWEz9cWRB53jjZ6Iw-MN_IZdz0FWoAls&amp;__tn__=-]K-R\"><span class=\"rse6dlih\">Secretar\u00eda Contra la Violencia Sexual Explotaci\u00f3n y Trata de Personas SVET<\/span><\/a> <a class=\"qi72231t nu7423ey n3hqoq4p r86q59rh b3qcqh3k fq87ekyn bdao358l fsf7x5fv rse6dlih s5oniofx m8h3af8h l7ghb35v kjdc1dyq kmwttqpk srn514ro oxkhqvkx rl78xhln nch0832m cr00lzj9 rn8ck1ys s3jn8y49 icdlwmnq cxfqmxzd d1w2l3lo tes86rjd\" tabindex=\"0\" role=\"link\" href=\"https:\/\/www.facebook.com\/SEPREM?__cft__[0]=AZVYIqsyzvOGiTDdQxpbXyqnYxUJutMDGo56hYQ9m2hKeR1mQb8tkh2NCa_Fi8ExJVvu7UjvlkToVnlLe2z_0vBxlJ1jRZtXJjrTe2qmaSaHsmUKzA7mj6ThAUbofw859vJqtC7C6Mq8_ZXlHs5RPJ6Hn5SU6NnftJlxWEz9cWRB53jjZ6Iw-MN_IZdz0FWoAls&amp;__tn__=-]K-R\"><span class=\"rse6dlih\">Secretar\u00eda Presidencial de la Mujer, Seprem Guatemala<\/span><\/a><a class=\"qi72231t nu7423ey n3hqoq4p r86q59rh b3qcqh3k fq87ekyn bdao358l fsf7x5fv rse6dlih s5oniofx m8h3af8h l7ghb35v kjdc1dyq kmwttqpk srn514ro oxkhqvkx rl78xhln nch0832m cr00lzj9 rn8ck1ys s3jn8y49 icdlwmnq cxfqmxzd d1w2l3lo tes86rjd\" tabindex=\"0\" role=\"link\" href=\"https:\/\/www.facebook.com\/UPCVGuatemala\/?__cft__[0]=AZVYIqsyzvOGiTDdQxpbXyqnYxUJutMDGo56hYQ9m2hKeR1mQb8tkh2NCa_Fi8ExJVvu7UjvlkToVnlLe2z_0vBxlJ1jRZtXJjrTe2qmaSaHsmUKzA7mj6ThAUbofw859vJqtC7C6Mq8_ZXlHs5RPJ6Hn5SU6NnftJlxWEz9cWRB53jjZ6Iw-MN_IZdz0FWoAls&amp;__tn__=kK-R\"><span class=\"rse6dlih\">Unidad Para La Prevenci\u00f3n Comunitaria De La Violencia &#8211; UPCV.<\/span><\/a><a class=\"qi72231t nu7423ey n3hqoq4p r86q59rh b3qcqh3k fq87ekyn bdao358l fsf7x5fv rse6dlih s5oniofx m8h3af8h l7ghb35v kjdc1dyq kmwttqpk srn514ro oxkhqvkx rl78xhln nch0832m cr00lzj9 rn8ck1ys s3jn8y49 icdlwmnq cxfqmxzd d1w2l3lo tes86rjd\" tabindex=\"0\" role=\"link\" href=\"https:\/\/www.facebook.com\/paginacunor\/?__cft__[0]=AZVYIqsyzvOGiTDdQxpbXyqnYxUJutMDGo56hYQ9m2hKeR1mQb8tkh2NCa_Fi8ExJVvu7UjvlkToVnlLe2z_0vBxlJ1jRZtXJjrTe2qmaSaHsmUKzA7mj6ThAUbofw859vJqtC7C6Mq8_ZXlHs5RPJ6Hn5SU6NnftJlxWEz9cWRB53jjZ6Iw-MN_IZdz0FWoAls&amp;__tn__=kK-R\"><span class=\"rse6dlih\">Centro Universitario del Norte<\/span><\/a><\/div>\n<div dir=\"auto\" style=\"text-align: justify;\">Ministerio P\u00fablico de Guatemala<\/div>\n<div dir=\"auto\" style=\"text-align: justify;\"><a class=\"qi72231t nu7423ey n3hqoq4p r86q59rh b3qcqh3k fq87ekyn bdao358l fsf7x5fv rse6dlih s5oniofx m8h3af8h l7ghb35v kjdc1dyq kmwttqpk srn514ro oxkhqvkx rl78xhln nch0832m cr00lzj9 rn8ck1ys s3jn8y49 icdlwmnq cxfqmxzd d1w2l3lo tes86rjd\" tabindex=\"0\" role=\"link\" href=\"https:\/\/www.facebook.com\/hashtag\/accionesquetransforman?__eep__=6&amp;__cft__[0]=AZVYIqsyzvOGiTDdQxpbXyqnYxUJutMDGo56hYQ9m2hKeR1mQb8tkh2NCa_Fi8ExJVvu7UjvlkToVnlLe2z_0vBxlJ1jRZtXJjrTe2qmaSaHsmUKzA7mj6ThAUbofw859vJqtC7C6Mq8_ZXlHs5RPJ6Hn5SU6NnftJlxWEz9cWRB53jjZ6Iw-MN_IZdz0FWoAls&amp;__tn__=*NK-R\">#AccionesQueTransforman.<br \/>\n<\/a><\/div>\n<div dir=\"auto\"><\/div>\n<div dir=\"auto\"><\/div>\n<div dir=\"auto\"><\/div>\n<div dir=\"auto\"><a href=\"https:\/\/www.facebook.com\/GobernacionAV\/posts\/pfbid02W9FRYFBbBmx1uURNZg3QnsskY3Jp2Nj5fEfbPy53Ewsj9exGG8XYKc3cFM29rAVJl?__cft__[0]=AZVYIqsyzvOGiTDdQxpbXyqnYxUJutMDGo56hYQ9m2hKeR1mQb8tkh2NCa_Fi8ExJVvu7UjvlkToVnlLe2z_0vBxlJ1jRZtXJjrTe2qmaSaHsmUKzA7mj6ThAUbofw859vJqtC7C6Mq8_ZXlHs5RPJ6Hn5SU6NnftJlxWEz9cWRB53jjZ6Iw-MN_IZdz0FWoAls&amp;__tn__=%2CO%2CP-R\"><img decoding=\"async\" loading=\"lazy\" class=\"alignnone wp-image-13410 size-full\" title=\"Ver video en Facebook\" src=\"https:\/\/gobernacionaltaverapaz.gob.gt\/wp-content\/uploads\/2022\/08\/01-30.jpg\" alt=\"\" width=\"900\" height=\"600\" srcset=\"https:\/\/gobernacionaltaverapaz.gob.gt\/wp-content\/uploads\/2022\/08\/01-30.jpg 900w, https:\/\/gobernacionaltaverapaz.gob.gt\/wp-content\/uploads\/2022\/08\/01-30-300x200.jpg 300w, https:\/\/gobernacionaltaverapaz.gob.gt\/wp-content\/uploads\/2022\/08\/01-30-768x512.jpg 768w\" sizes=\"(max-width: 900px) 100vw, 900px\" \/><\/a><\/div>\n<p>&nbsp;<\/p>\n","protected":false},"excerpt":{"rendered":"<p>Clausura Diplomado &#8220;Liderazgo Comunitario Fortalecido y Comprometido en la Prevenci\u00f3n de la Violencia&#8221; A realizarse el d\u00eda Lunes 22 de agosto 2022. Gobierno de Guatemala Alejandro Giammattei Secretar\u00eda Contra la Violencia Sexual Explotaci\u00f3n y Trata de Personas SVET Secretar\u00eda Presidencial de la Mujer, Seprem GuatemalaUnidad Para La Prevenci\u00f3n Comunitaria De La Violencia &#8211; UPCV.Centro Universitario [&hellip;]<\/p>\n","protected":false},"author":1,"featured_media":13411,"comment_status":"closed","ping_status":"open","sticky":false,"template":"","format":"video","meta":[],"categories":[194],"tags":[178],"_links":{"self":[{"href":"https:\/\/gobernacionaltaverapaz.gob.gt\/index.php?rest_route=\/wp\/v2\/posts\/13409"}],"collection":[{"href":"https:\/\/gobernacionaltaverapaz.gob.gt\/index.php?rest_route=\/wp\/v2\/posts"}],"about":[{"href":"https:\/\/gobernacionaltaverapaz.gob.gt\/index.php?rest_route=\/wp\/v2\/types\/post"}],"author":[{"embeddable":true,"href":"https:\/\/gobernacionaltaverapaz.gob.gt\/index.php?rest_route=\/wp\/v2\/users\/1"}],"replies":[{"embeddable":true,"href":"https:\/\/gobernacionaltaverapaz.gob.gt\/index.php?rest_route=%2Fwp%2Fv2%2Fcomments&post=13409"}],"version-history":[{"count":1,"href":"https:\/\/gobernacionaltaverapaz.gob.gt\/index.php?rest_route=\/wp\/v2\/posts\/13409\/revisions"}],"predecessor-version":[{"id":13412,"href":"https:\/\/gobernacionaltaverapaz.gob.gt\/index.php?rest_route=\/wp\/v2\/posts\/13409\/revisions\/13412"}],"wp:featuredmedia":[{"embeddable":true,"href":"https:\/\/gobernacionaltaverapaz.gob.gt\/index.php?rest_route=\/wp\/v2\/media\/13411"}],"wp:attachment":[{"href":"https:\/\/gobernacionaltaverapaz.gob.gt\/index.php?rest_route=%2Fwp%2Fv2%2Fmedia&parent=13409"}],"wp:term":[{"taxonomy":"category","embeddable":true,"href":"https:\/\/gobernacionaltaverapaz.gob.gt\/index.php?rest_route=%2Fwp%2Fv2%2Fcategories&post=13409"},{"taxonomy":"post_tag","embeddable":true,"href":"https:\/\/gobernacionaltaverapaz.gob.gt\/index.php?rest_route=%2Fwp%2Fv2%2Ftags&post=13409"}],"curies":[{"name":"wp","href":"https:\/\/api.w.org\/{rel}","templated":true}]}}