{"id":13431,"date":"2022-08-22T15:12:47","date_gmt":"2022-08-22T21:12:47","guid":{"rendered":"https:\/\/gobernacionaltaverapaz.gob.gt\/?p=13431"},"modified":"2022-08-29T12:26:57","modified_gmt":"2022-08-29T18:26:57","slug":"mesa-tcnica-permanente-en-prevencin-de-la-violencia","status":"publish","type":"post","link":"https:\/\/gobernacionaltaverapaz.gob.gt\/?p=13431","title":{"rendered":"Mesa T\u00e9cnica Permanente en Prevenci\u00f3n de la Violencia"},"content":{"rendered":"<div dir=\"auto\" style=\"text-align: justify;\">Clausura Diplomado<\/div>\n<div dir=\"auto\" style=\"text-align: justify;\">Dr. Fernando Rodr\u00edguez Klarck, Gobernador de Alta Verapaz, en compa\u00f1\u00eda de integrantes de la mesa T\u00e9cnica Permanente en Prevenci\u00f3n de la Violencia establecida en el departamento; <a class=\"qi72231t nu7423ey n3hqoq4p r86q59rh b3qcqh3k fq87ekyn bdao358l fsf7x5fv rse6dlih s5oniofx m8h3af8h l7ghb35v kjdc1dyq kmwttqpk srn514ro oxkhqvkx rl78xhln nch0832m cr00lzj9 rn8ck1ys s3jn8y49 icdlwmnq cxfqmxzd d1w2l3lo tes86rjd\" tabindex=\"0\" role=\"link\" href=\"https:\/\/www.facebook.com\/hashtag\/mp?__eep__=6&amp;__cft__[0]=AZXxwHpv76g3jjwzsXEspjx8SZ-xdab6u2X4U7MacikpTnsd71lFidEXLi11v6oWF9a_AeOtPjb8ZqeMuXGRJlLhxckNTSMFq1Ddvd3hmxRC6A4eFgsiKqbqZd5sa3wkNdabGUAYn3H--5ScS8ZTA79wRHyWmiXIuzQ8ycaA4OJ76A&amp;__tn__=*NK-R\">#MP<\/a>, <a class=\"qi72231t nu7423ey n3hqoq4p r86q59rh b3qcqh3k fq87ekyn bdao358l fsf7x5fv rse6dlih s5oniofx m8h3af8h l7ghb35v kjdc1dyq kmwttqpk srn514ro oxkhqvkx rl78xhln nch0832m cr00lzj9 rn8ck1ys s3jn8y49 icdlwmnq cxfqmxzd d1w2l3lo tes86rjd\" tabindex=\"0\" role=\"link\" href=\"https:\/\/www.facebook.com\/hashtag\/svet?__eep__=6&amp;__cft__[0]=AZXxwHpv76g3jjwzsXEspjx8SZ-xdab6u2X4U7MacikpTnsd71lFidEXLi11v6oWF9a_AeOtPjb8ZqeMuXGRJlLhxckNTSMFq1Ddvd3hmxRC6A4eFgsiKqbqZd5sa3wkNdabGUAYn3H--5ScS8ZTA79wRHyWmiXIuzQ8ycaA4OJ76A&amp;__tn__=*NK-R\">#svet<\/a>, <a class=\"qi72231t nu7423ey n3hqoq4p r86q59rh b3qcqh3k fq87ekyn bdao358l fsf7x5fv rse6dlih s5oniofx m8h3af8h l7ghb35v kjdc1dyq kmwttqpk srn514ro oxkhqvkx rl78xhln nch0832m cr00lzj9 rn8ck1ys s3jn8y49 icdlwmnq cxfqmxzd d1w2l3lo tes86rjd\" tabindex=\"0\" role=\"link\" href=\"https:\/\/www.facebook.com\/hashtag\/seprem?__eep__=6&amp;__cft__[0]=AZXxwHpv76g3jjwzsXEspjx8SZ-xdab6u2X4U7MacikpTnsd71lFidEXLi11v6oWF9a_AeOtPjb8ZqeMuXGRJlLhxckNTSMFq1Ddvd3hmxRC6A4eFgsiKqbqZd5sa3wkNdabGUAYn3H--5ScS8ZTA79wRHyWmiXIuzQ8ycaA4OJ76A&amp;__tn__=*NK-R\">#seprem<\/a>, <a class=\"qi72231t nu7423ey n3hqoq4p r86q59rh b3qcqh3k fq87ekyn bdao358l fsf7x5fv rse6dlih s5oniofx m8h3af8h l7ghb35v kjdc1dyq kmwttqpk srn514ro oxkhqvkx rl78xhln nch0832m cr00lzj9 rn8ck1ys s3jn8y49 icdlwmnq cxfqmxzd d1w2l3lo tes86rjd\" tabindex=\"0\" role=\"link\" href=\"https:\/\/www.facebook.com\/hashtag\/upcv?__eep__=6&amp;__cft__[0]=AZXxwHpv76g3jjwzsXEspjx8SZ-xdab6u2X4U7MacikpTnsd71lFidEXLi11v6oWF9a_AeOtPjb8ZqeMuXGRJlLhxckNTSMFq1Ddvd3hmxRC6A4eFgsiKqbqZd5sa3wkNdabGUAYn3H--5ScS8ZTA79wRHyWmiXIuzQ8ycaA4OJ76A&amp;__tn__=*NK-R\">#UPCV<\/a>, <a class=\"qi72231t nu7423ey n3hqoq4p r86q59rh b3qcqh3k fq87ekyn bdao358l fsf7x5fv rse6dlih s5oniofx m8h3af8h l7ghb35v kjdc1dyq kmwttqpk srn514ro oxkhqvkx rl78xhln nch0832m cr00lzj9 rn8ck1ys s3jn8y49 icdlwmnq cxfqmxzd d1w2l3lo tes86rjd\" tabindex=\"0\" role=\"link\" href=\"https:\/\/www.facebook.com\/hashtag\/cunor?__eep__=6&amp;__cft__[0]=AZXxwHpv76g3jjwzsXEspjx8SZ-xdab6u2X4U7MacikpTnsd71lFidEXLi11v6oWF9a_AeOtPjb8ZqeMuXGRJlLhxckNTSMFq1Ddvd3hmxRC6A4eFgsiKqbqZd5sa3wkNdabGUAYn3H--5ScS8ZTA79wRHyWmiXIuzQ8ycaA4OJ76A&amp;__tn__=*NK-R\">#Cunor<\/a> <a class=\"qi72231t nu7423ey n3hqoq4p r86q59rh b3qcqh3k fq87ekyn bdao358l fsf7x5fv rse6dlih s5oniofx m8h3af8h l7ghb35v kjdc1dyq kmwttqpk srn514ro oxkhqvkx rl78xhln nch0832m cr00lzj9 rn8ck1ys s3jn8y49 icdlwmnq cxfqmxzd d1w2l3lo tes86rjd\" tabindex=\"0\" role=\"link\" href=\"https:\/\/www.facebook.com\/hashtag\/usac?__eep__=6&amp;__cft__[0]=AZXxwHpv76g3jjwzsXEspjx8SZ-xdab6u2X4U7MacikpTnsd71lFidEXLi11v6oWF9a_AeOtPjb8ZqeMuXGRJlLhxckNTSMFq1Ddvd3hmxRC6A4eFgsiKqbqZd5sa3wkNdabGUAYn3H--5ScS8ZTA79wRHyWmiXIuzQ8ycaA4OJ76A&amp;__tn__=*NK-R\">#USAC<\/a> y la Direcci\u00f3n de An\u00e1lisis Criminal <a class=\"qi72231t nu7423ey n3hqoq4p r86q59rh b3qcqh3k fq87ekyn bdao358l fsf7x5fv rse6dlih s5oniofx m8h3af8h l7ghb35v kjdc1dyq kmwttqpk srn514ro oxkhqvkx rl78xhln nch0832m cr00lzj9 rn8ck1ys s3jn8y49 icdlwmnq cxfqmxzd d1w2l3lo tes86rjd\" tabindex=\"0\" role=\"link\" href=\"https:\/\/www.facebook.com\/hashtag\/dac?__eep__=6&amp;__cft__[0]=AZXxwHpv76g3jjwzsXEspjx8SZ-xdab6u2X4U7MacikpTnsd71lFidEXLi11v6oWF9a_AeOtPjb8ZqeMuXGRJlLhxckNTSMFq1Ddvd3hmxRC6A4eFgsiKqbqZd5sa3wkNdabGUAYn3H--5ScS8ZTA79wRHyWmiXIuzQ8ycaA4OJ76A&amp;__tn__=*NK-R\">#DAC<\/a>. Llevaron a cabo la Clausura del Diplomado Denominado: \u201cLiderazgo Comunitario Fortalecido y Comprometido en la Prevenci\u00f3n de la Violencia&#8221; Dirigido a l\u00edderes y lideresas del departamento, teniendo como objetivos primordiales buscar los mecanismos legales, sociales y familiares para prevenir la violencia intrafamiliar y dar a conocer o socializar las diferentes rutas para establecer la denuncia ante Polic\u00eda Nacional o Ministerio Publico, para que realmente exista armon\u00eda, convivencia pac\u00edfica y prosperidad en cada uno de los hogares de esta maravillosa tierra de Alta Verapaz.<\/div>\n<div dir=\"auto\" style=\"text-align: justify;\"><a class=\"qi72231t nu7423ey n3hqoq4p r86q59rh b3qcqh3k fq87ekyn bdao358l fsf7x5fv rse6dlih s5oniofx m8h3af8h l7ghb35v kjdc1dyq kmwttqpk srn514ro oxkhqvkx rl78xhln nch0832m cr00lzj9 rn8ck1ys s3jn8y49 icdlwmnq cxfqmxzd d1w2l3lo tes86rjd\" tabindex=\"0\" role=\"link\" href=\"https:\/\/www.facebook.com\/guatemalagob?__cft__[0]=AZXxwHpv76g3jjwzsXEspjx8SZ-xdab6u2X4U7MacikpTnsd71lFidEXLi11v6oWF9a_AeOtPjb8ZqeMuXGRJlLhxckNTSMFq1Ddvd3hmxRC6A4eFgsiKqbqZd5sa3wkNdabGUAYn3H--5ScS8ZTA79wRHyWmiXIuzQ8ycaA4OJ76A&amp;__tn__=-]K-R\"><span class=\"rse6dlih\">Gobierno de Guatemala<\/span><\/a> <a class=\"qi72231t nu7423ey n3hqoq4p r86q59rh b3qcqh3k fq87ekyn bdao358l fsf7x5fv rse6dlih s5oniofx m8h3af8h l7ghb35v kjdc1dyq kmwttqpk srn514ro oxkhqvkx rl78xhln nch0832m cr00lzj9 rn8ck1ys s3jn8y49 icdlwmnq cxfqmxzd d1w2l3lo tes86rjd\" tabindex=\"0\" role=\"link\" href=\"https:\/\/www.facebook.com\/AlejandroGiammattei?__cft__[0]=AZXxwHpv76g3jjwzsXEspjx8SZ-xdab6u2X4U7MacikpTnsd71lFidEXLi11v6oWF9a_AeOtPjb8ZqeMuXGRJlLhxckNTSMFq1Ddvd3hmxRC6A4eFgsiKqbqZd5sa3wkNdabGUAYn3H--5ScS8ZTA79wRHyWmiXIuzQ8ycaA4OJ76A&amp;__tn__=-]K-R\"><span class=\"rse6dlih\">Alejandro Giammattei<\/span><\/a> <a class=\"qi72231t nu7423ey n3hqoq4p r86q59rh b3qcqh3k fq87ekyn bdao358l fsf7x5fv rse6dlih s5oniofx m8h3af8h l7ghb35v kjdc1dyq kmwttqpk srn514ro oxkhqvkx rl78xhln nch0832m cr00lzj9 rn8ck1ys s3jn8y49 icdlwmnq cxfqmxzd d1w2l3lo tes86rjd\" tabindex=\"0\" role=\"link\" href=\"https:\/\/www.facebook.com\/secretariasvet?__cft__[0]=AZXxwHpv76g3jjwzsXEspjx8SZ-xdab6u2X4U7MacikpTnsd71lFidEXLi11v6oWF9a_AeOtPjb8ZqeMuXGRJlLhxckNTSMFq1Ddvd3hmxRC6A4eFgsiKqbqZd5sa3wkNdabGUAYn3H--5ScS8ZTA79wRHyWmiXIuzQ8ycaA4OJ76A&amp;__tn__=-]K-R\"><span class=\"rse6dlih\">Secretar\u00eda Contra la Violencia Sexual Explotaci\u00f3n y Trata de Personas SVET<\/span><\/a> <a class=\"qi72231t nu7423ey n3hqoq4p r86q59rh b3qcqh3k fq87ekyn bdao358l fsf7x5fv rse6dlih s5oniofx m8h3af8h l7ghb35v kjdc1dyq kmwttqpk srn514ro oxkhqvkx rl78xhln nch0832m cr00lzj9 rn8ck1ys s3jn8y49 icdlwmnq cxfqmxzd d1w2l3lo tes86rjd\" tabindex=\"0\" role=\"link\" href=\"https:\/\/www.facebook.com\/SEPREM?__cft__[0]=AZXxwHpv76g3jjwzsXEspjx8SZ-xdab6u2X4U7MacikpTnsd71lFidEXLi11v6oWF9a_AeOtPjb8ZqeMuXGRJlLhxckNTSMFq1Ddvd3hmxRC6A4eFgsiKqbqZd5sa3wkNdabGUAYn3H--5ScS8ZTA79wRHyWmiXIuzQ8ycaA4OJ76A&amp;__tn__=-]K-R\"><span class=\"rse6dlih\">Secretar\u00eda Presidencial de la Mujer, Seprem Guatemala<\/span><\/a>, <a class=\"qi72231t nu7423ey n3hqoq4p r86q59rh b3qcqh3k fq87ekyn bdao358l fsf7x5fv rse6dlih s5oniofx m8h3af8h l7ghb35v kjdc1dyq kmwttqpk srn514ro oxkhqvkx rl78xhln nch0832m cr00lzj9 rn8ck1ys s3jn8y49 icdlwmnq cxfqmxzd d1w2l3lo tes86rjd\" tabindex=\"0\" role=\"link\" href=\"https:\/\/www.facebook.com\/UPCVGuatemala\/?__cft__[0]=AZXxwHpv76g3jjwzsXEspjx8SZ-xdab6u2X4U7MacikpTnsd71lFidEXLi11v6oWF9a_AeOtPjb8ZqeMuXGRJlLhxckNTSMFq1Ddvd3hmxRC6A4eFgsiKqbqZd5sa3wkNdabGUAYn3H--5ScS8ZTA79wRHyWmiXIuzQ8ycaA4OJ76A&amp;__tn__=kK-R\"><span class=\"rse6dlih\">Unidad Para La Prevenci\u00f3n Comunitaria De La Violencia &#8211; UPCV.<\/span><\/a> <a class=\"qi72231t nu7423ey n3hqoq4p r86q59rh b3qcqh3k fq87ekyn bdao358l fsf7x5fv rse6dlih s5oniofx m8h3af8h l7ghb35v kjdc1dyq kmwttqpk srn514ro oxkhqvkx rl78xhln nch0832m cr00lzj9 rn8ck1ys s3jn8y49 icdlwmnq cxfqmxzd d1w2l3lo tes86rjd\" tabindex=\"0\" role=\"link\" href=\"https:\/\/www.facebook.com\/paginacunor\/?__cft__[0]=AZXxwHpv76g3jjwzsXEspjx8SZ-xdab6u2X4U7MacikpTnsd71lFidEXLi11v6oWF9a_AeOtPjb8ZqeMuXGRJlLhxckNTSMFq1Ddvd3hmxRC6A4eFgsiKqbqZd5sa3wkNdabGUAYn3H--5ScS8ZTA79wRHyWmiXIuzQ8ycaA4OJ76A&amp;__tn__=kK-R\"><span class=\"rse6dlih\">Centro Universitario del Norte<\/span><\/a> Ministerio P\u00fablico de Guatemala.<\/p>\n<div><\/div>\n<\/div>\n<div dir=\"auto\"><\/div>\n<div dir=\"auto\"><\/div>\n<div dir=\"auto\"><\/div>\n<div dir=\"auto\"><\/div>\n<div dir=\"auto\"><\/div>\n<div dir=\"auto\"><\/div>\n","protected":false},"excerpt":{"rendered":"<p>Clausura Diplomado Dr. Fernando Rodr\u00edguez Klarck, Gobernador de Alta Verapaz, en compa\u00f1\u00eda de integrantes de la mesa T\u00e9cnica Permanente en Prevenci\u00f3n de la Violencia establecida en el departamento; #MP, #svet, #seprem, #UPCV, #Cunor #USAC y la Direcci\u00f3n de An\u00e1lisis Criminal #DAC. Llevaron a cabo la Clausura del Diplomado Denominado: \u201cLiderazgo Comunitario Fortalecido y Comprometido en [&hellip;]<\/p>\n","protected":false},"author":1,"featured_media":13419,"comment_status":"closed","ping_status":"open","sticky":false,"template":"","format":"gallery","meta":[],"categories":[194],"tags":[178],"_links":{"self":[{"href":"https:\/\/gobernacionaltaverapaz.gob.gt\/index.php?rest_route=\/wp\/v2\/posts\/13431"}],"collection":[{"href":"https:\/\/gobernacionaltaverapaz.gob.gt\/index.php?rest_route=\/wp\/v2\/posts"}],"about":[{"href":"https:\/\/gobernacionaltaverapaz.gob.gt\/index.php?rest_route=\/wp\/v2\/types\/post"}],"author":[{"embeddable":true,"href":"https:\/\/gobernacionaltaverapaz.gob.gt\/index.php?rest_route=\/wp\/v2\/users\/1"}],"replies":[{"embeddable":true,"href":"https:\/\/gobernacionaltaverapaz.gob.gt\/index.php?rest_route=%2Fwp%2Fv2%2Fcomments&post=13431"}],"version-history":[{"count":5,"href":"https:\/\/gobernacionaltaverapaz.gob.gt\/index.php?rest_route=\/wp\/v2\/posts\/13431\/revisions"}],"predecessor-version":[{"id":13436,"href":"https:\/\/gobernacionaltaverapaz.gob.gt\/index.php?rest_route=\/wp\/v2\/posts\/13431\/revisions\/13436"}],"wp:featuredmedia":[{"embeddable":true,"href":"https:\/\/gobernacionaltaverapaz.gob.gt\/index.php?rest_route=\/wp\/v2\/media\/13419"}],"wp:attachment":[{"href":"https:\/\/gobernacionaltaverapaz.gob.gt\/index.php?rest_route=%2Fwp%2Fv2%2Fmedia&parent=13431"}],"wp:term":[{"taxonomy":"category","embeddable":true,"href":"https:\/\/gobernacionaltaverapaz.gob.gt\/index.php?rest_route=%2Fwp%2Fv2%2Fcategories&post=13431"},{"taxonomy":"post_tag","embeddable":true,"href":"https:\/\/gobernacionaltaverapaz.gob.gt\/index.php?rest_route=%2Fwp%2Fv2%2Ftags&post=13431"}],"curies":[{"name":"wp","href":"https:\/\/api.w.org\/{rel}","templated":true}]}}