{"id":13450,"date":"2022-08-23T11:05:53","date_gmt":"2022-08-23T17:05:53","guid":{"rendered":"https:\/\/gobernacionaltaverapaz.gob.gt\/?p=13450"},"modified":"2022-08-29T12:51:00","modified_gmt":"2022-08-29T18:51:00","slug":"charlas-de-educacin-ambiental-2","status":"publish","type":"post","link":"https:\/\/gobernacionaltaverapaz.gob.gt\/?p=13450","title":{"rendered":"Charlas de Educaci\u00f3n Ambiental"},"content":{"rendered":"<p style=\"text-align: justify;\"><span class=\"gvxzyvdx aeinzg81 t7p7dqev gh25dzvf exr7barw b6ax4al1 gem102v4 ncib64c9 mrvwc6qr sx8pxkcf f597kf1v cpcgwwas m2nijcs8 hxfwr5lz k1z55t6l oog5qr5w tes86rjd pbevjfx6 ztn2w49o\" dir=\"auto\">La Direcci\u00f3n Regional Verapaces del C<a class=\"qi72231t nu7423ey n3hqoq4p r86q59rh b3qcqh3k fq87ekyn bdao358l fsf7x5fv rse6dlih s5oniofx m8h3af8h l7ghb35v kjdc1dyq kmwttqpk srn514ro oxkhqvkx rl78xhln nch0832m cr00lzj9 rn8ck1ys s3jn8y49 icdlwmnq cxfqmxzd d1w2l3lo tes86rjd\" tabindex=\"0\" role=\"link\" href=\"https:\/\/www.facebook.com\/conapgt?__cft__[0]=AZUWpzXTT98_as50-RgU9hs0pwpWTdWjJVNpYcsJFkKQrjA3XVKgRVgqEEE-JD5I-O4I0eMJBYqsin5ostU1rcpSsAWjAbZGK-JcywvoSviDsaOwvq-9_fSQQBl8iLDBNxgUKhy8-sYwB9M9nlAu4AI_NYWYOIGQjWvoBw1v3M9xog&amp;__tn__=-]K-R\"><span class=\"rse6dlih\">Conap Consejo Nacional de \u00c1reas Protegidas<\/span><\/a> a trav\u00e9s de personal guarda recursos impartieron charlas de educaci\u00f3n ambiental a estudiantes de tercero b\u00e1sico en jornada vespertina de la Escuela V\u00edctor Chavarr\u00eda de Cob\u00e1n Alta Verapaz.<\/span><\/p>\n<p>&nbsp;<\/p>\n<div><\/div>\n<p>&nbsp;<\/p>\n<p>&nbsp;<\/p>\n","protected":false},"excerpt":{"rendered":"<p>La Direcci\u00f3n Regional Verapaces del CConap Consejo Nacional de \u00c1reas Protegidas a trav\u00e9s de personal guarda recursos impartieron charlas de educaci\u00f3n ambiental a estudiantes de tercero b\u00e1sico en jornada vespertina de la Escuela V\u00edctor Chavarr\u00eda de Cob\u00e1n Alta Verapaz. &nbsp; &nbsp; &nbsp;<\/p>\n","protected":false},"author":1,"featured_media":13447,"comment_status":"closed","ping_status":"open","sticky":false,"template":"","format":"gallery","meta":[],"categories":[6],"tags":[178],"_links":{"self":[{"href":"https:\/\/gobernacionaltaverapaz.gob.gt\/index.php?rest_route=\/wp\/v2\/posts\/13450"}],"collection":[{"href":"https:\/\/gobernacionaltaverapaz.gob.gt\/index.php?rest_route=\/wp\/v2\/posts"}],"about":[{"href":"https:\/\/gobernacionaltaverapaz.gob.gt\/index.php?rest_route=\/wp\/v2\/types\/post"}],"author":[{"embeddable":true,"href":"https:\/\/gobernacionaltaverapaz.gob.gt\/index.php?rest_route=\/wp\/v2\/users\/1"}],"replies":[{"embeddable":true,"href":"https:\/\/gobernacionaltaverapaz.gob.gt\/index.php?rest_route=%2Fwp%2Fv2%2Fcomments&post=13450"}],"version-history":[{"count":1,"href":"https:\/\/gobernacionaltaverapaz.gob.gt\/index.php?rest_route=\/wp\/v2\/posts\/13450\/revisions"}],"predecessor-version":[{"id":13451,"href":"https:\/\/gobernacionaltaverapaz.gob.gt\/index.php?rest_route=\/wp\/v2\/posts\/13450\/revisions\/13451"}],"wp:featuredmedia":[{"embeddable":true,"href":"https:\/\/gobernacionaltaverapaz.gob.gt\/index.php?rest_route=\/wp\/v2\/media\/13447"}],"wp:attachment":[{"href":"https:\/\/gobernacionaltaverapaz.gob.gt\/index.php?rest_route=%2Fwp%2Fv2%2Fmedia&parent=13450"}],"wp:term":[{"taxonomy":"category","embeddable":true,"href":"https:\/\/gobernacionaltaverapaz.gob.gt\/index.php?rest_route=%2Fwp%2Fv2%2Fcategories&post=13450"},{"taxonomy":"post_tag","embeddable":true,"href":"https:\/\/gobernacionaltaverapaz.gob.gt\/index.php?rest_route=%2Fwp%2Fv2%2Ftags&post=13450"}],"curies":[{"name":"wp","href":"https:\/\/api.w.org\/{rel}","templated":true}]}}