{"id":13453,"date":"2022-09-01T14:27:17","date_gmt":"2022-09-01T20:27:17","guid":{"rendered":"https:\/\/gobernacionaltaverapaz.gob.gt\/?p=13453"},"modified":"2022-09-05T08:54:20","modified_gmt":"2022-09-05T14:54:20","slug":"jornada-de-limpieza-en-la-comunidad-petet-chixich-zona-12-de-cobn","status":"publish","type":"post","link":"https:\/\/gobernacionaltaverapaz.gob.gt\/?p=13453","title":{"rendered":"Jornada de limpieza en la comunidad Petet Chixich Zona 12 de Cob\u00e1n"},"content":{"rendered":"<div dir=\"auto\" style=\"text-align: justify;\">La Delegaci\u00f3n Departamental del Ministerio de Ambiente y Recursos Naturales <a class=\"qi72231t nu7423ey n3hqoq4p r86q59rh b3qcqh3k fq87ekyn bdao358l fsf7x5fv rse6dlih s5oniofx m8h3af8h l7ghb35v kjdc1dyq kmwttqpk srn514ro oxkhqvkx rl78xhln nch0832m cr00lzj9 rn8ck1ys s3jn8y49 icdlwmnq cxfqmxzd d1w2l3lo tes86rjd\" tabindex=\"0\" role=\"link\" href=\"https:\/\/www.facebook.com\/marngtambiente?__cft__[0]=AZU-bFx7VNTIqihaFUFhvXrecxpgjzwtFhCWjSu52TXU6gDLgH8fwJsGmB8nEe7n89ZNro8P7nkn2bZ_thWWl6tVgTZ5dUVZ75ututmXXGY85b5QqhEcoM_oFImOZ1ebHwK0447XA3jDFAjn4lGdNP6NJtWbB2ba3ivnA9sSosULew&amp;__tn__=-]K-R\"><span class=\"rse6dlih\">MARN<\/span><\/a>, llev\u00f3 a cabo una jornada de limpieza en la comunidad Petet Chixich zona 12 de Cob\u00e1n, con apoyo de los vecinos, elementos de <a class=\"qi72231t nu7423ey n3hqoq4p r86q59rh b3qcqh3k fq87ekyn bdao358l fsf7x5fv rse6dlih s5oniofx m8h3af8h l7ghb35v kjdc1dyq kmwttqpk srn514ro oxkhqvkx rl78xhln nch0832m cr00lzj9 rn8ck1ys s3jn8y49 icdlwmnq cxfqmxzd d1w2l3lo tes86rjd\" tabindex=\"0\" role=\"link\" href=\"https:\/\/www.facebook.com\/ReservistaVerapacense?__cft__[0]=AZU-bFx7VNTIqihaFUFhvXrecxpgjzwtFhCWjSu52TXU6gDLgH8fwJsGmB8nEe7n89ZNro8P7nkn2bZ_thWWl6tVgTZ5dUVZ75ututmXXGY85b5QqhEcoM_oFImOZ1ebHwK0447XA3jDFAjn4lGdNP6NJtWbB2ba3ivnA9sSosULew&amp;__tn__=-]K-R\"><span class=\"rse6dlih\">Reservas Militares del departamento de Alta Verapaz<\/span><\/a> y <a class=\"qi72231t nu7423ey n3hqoq4p r86q59rh b3qcqh3k fq87ekyn bdao358l fsf7x5fv rse6dlih s5oniofx m8h3af8h l7ghb35v kjdc1dyq kmwttqpk srn514ro oxkhqvkx rl78xhln nch0832m cr00lzj9 rn8ck1ys s3jn8y49 icdlwmnq cxfqmxzd d1w2l3lo tes86rjd\" tabindex=\"0\" role=\"link\" href=\"https:\/\/www.facebook.com\/MiMuniCoban?__cft__[0]=AZU-bFx7VNTIqihaFUFhvXrecxpgjzwtFhCWjSu52TXU6gDLgH8fwJsGmB8nEe7n89ZNro8P7nkn2bZ_thWWl6tVgTZ5dUVZ75ututmXXGY85b5QqhEcoM_oFImOZ1ebHwK0447XA3jDFAjn4lGdNP6NJtWbB2ba3ivnA9sSosULew&amp;__tn__=-]K-R\"><span class=\"rse6dlih\">Municipalidad De Cob\u00e1n<\/span><\/a>, teniendo como resultado 1.90 toneladas de desechos, los cuales fueron trasladados a su disposici\u00f3n final. Esto con el fin de tener \u00e1reas saludables y libres de desechos.<\/div>\n<div dir=\"auto\" style=\"text-align: justify;\"><a class=\"qi72231t nu7423ey n3hqoq4p r86q59rh b3qcqh3k fq87ekyn bdao358l fsf7x5fv rse6dlih s5oniofx m8h3af8h l7ghb35v kjdc1dyq kmwttqpk srn514ro oxkhqvkx rl78xhln nch0832m cr00lzj9 rn8ck1ys s3jn8y49 icdlwmnq cxfqmxzd d1w2l3lo tes86rjd\" tabindex=\"0\" role=\"link\" href=\"https:\/\/www.facebook.com\/hashtag\/juntosvamosporm%C3%A1s?__eep__=6&amp;__cft__[0]=AZU-bFx7VNTIqihaFUFhvXrecxpgjzwtFhCWjSu52TXU6gDLgH8fwJsGmB8nEe7n89ZNro8P7nkn2bZ_thWWl6tVgTZ5dUVZ75ututmXXGY85b5QqhEcoM_oFImOZ1ebHwK0447XA3jDFAjn4lGdNP6NJtWbB2ba3ivnA9sSosULew&amp;__tn__=*NK-R\">#JuntosVamosPorM\u00e1s<\/a>#ElA\u00f1oDeLosLogros.<\/div>\n<div dir=\"auto\"><\/div>\n<div dir=\"auto\"><\/div>\n<div dir=\"auto\"><img decoding=\"async\" loading=\"lazy\" class=\"alignnone size-full wp-image-13454\" src=\"https:\/\/gobernacionaltaverapaz.gob.gt\/wp-content\/uploads\/2022\/09\/02.jpg\" alt=\"\" width=\"900\" height=\"600\" srcset=\"https:\/\/gobernacionaltaverapaz.gob.gt\/wp-content\/uploads\/2022\/09\/02.jpg 900w, https:\/\/gobernacionaltaverapaz.gob.gt\/wp-content\/uploads\/2022\/09\/02-300x200.jpg 300w, https:\/\/gobernacionaltaverapaz.gob.gt\/wp-content\/uploads\/2022\/09\/02-768x512.jpg 768w\" sizes=\"(max-width: 900px) 100vw, 900px\" \/><\/div>\n<p>&nbsp;<\/p>\n","protected":false},"excerpt":{"rendered":"<p>La Delegaci\u00f3n Departamental del Ministerio de Ambiente y Recursos Naturales MARN, llev\u00f3 a cabo una jornada de limpieza en la comunidad Petet Chixich zona 12 de Cob\u00e1n, con apoyo de los vecinos, elementos de Reservas Militares del departamento de Alta Verapaz y Municipalidad De Cob\u00e1n, teniendo como resultado 1.90 toneladas de desechos, los cuales fueron [&hellip;]<\/p>\n","protected":false},"author":1,"featured_media":13455,"comment_status":"closed","ping_status":"open","sticky":false,"template":"","format":"standard","meta":[],"categories":[3],"tags":[178],"_links":{"self":[{"href":"https:\/\/gobernacionaltaverapaz.gob.gt\/index.php?rest_route=\/wp\/v2\/posts\/13453"}],"collection":[{"href":"https:\/\/gobernacionaltaverapaz.gob.gt\/index.php?rest_route=\/wp\/v2\/posts"}],"about":[{"href":"https:\/\/gobernacionaltaverapaz.gob.gt\/index.php?rest_route=\/wp\/v2\/types\/post"}],"author":[{"embeddable":true,"href":"https:\/\/gobernacionaltaverapaz.gob.gt\/index.php?rest_route=\/wp\/v2\/users\/1"}],"replies":[{"embeddable":true,"href":"https:\/\/gobernacionaltaverapaz.gob.gt\/index.php?rest_route=%2Fwp%2Fv2%2Fcomments&post=13453"}],"version-history":[{"count":1,"href":"https:\/\/gobernacionaltaverapaz.gob.gt\/index.php?rest_route=\/wp\/v2\/posts\/13453\/revisions"}],"predecessor-version":[{"id":13456,"href":"https:\/\/gobernacionaltaverapaz.gob.gt\/index.php?rest_route=\/wp\/v2\/posts\/13453\/revisions\/13456"}],"wp:featuredmedia":[{"embeddable":true,"href":"https:\/\/gobernacionaltaverapaz.gob.gt\/index.php?rest_route=\/wp\/v2\/media\/13455"}],"wp:attachment":[{"href":"https:\/\/gobernacionaltaverapaz.gob.gt\/index.php?rest_route=%2Fwp%2Fv2%2Fmedia&parent=13453"}],"wp:term":[{"taxonomy":"category","embeddable":true,"href":"https:\/\/gobernacionaltaverapaz.gob.gt\/index.php?rest_route=%2Fwp%2Fv2%2Fcategories&post=13453"},{"taxonomy":"post_tag","embeddable":true,"href":"https:\/\/gobernacionaltaverapaz.gob.gt\/index.php?rest_route=%2Fwp%2Fv2%2Ftags&post=13453"}],"curies":[{"name":"wp","href":"https:\/\/api.w.org\/{rel}","templated":true}]}}