{"id":13470,"date":"2022-09-01T09:12:36","date_gmt":"2022-09-01T15:12:36","guid":{"rendered":"https:\/\/gobernacionaltaverapaz.gob.gt\/?p=13470"},"modified":"2022-09-05T11:37:29","modified_gmt":"2022-09-05T17:37:29","slug":"jornada-de-limpieza-en-la-aldea-chicuxab-de-cobn-av","status":"publish","type":"post","link":"https:\/\/gobernacionaltaverapaz.gob.gt\/?p=13470","title":{"rendered":"Jornada de limpieza en la Aldea Chicuxab de Cob\u00e1n A.V."},"content":{"rendered":"<div dir=\"auto\" style=\"text-align: justify;\"><span class=\"fxk3tzhb b2rh1bv3 gh55jysx m8h3af8h ewco64xe kjdc1dyq ms56khn7 bq6c9xl4 eohcrkr5 akh3l2rg\"><img decoding=\"async\" loading=\"lazy\" src=\"https:\/\/static.xx.fbcdn.net\/images\/emoji.php\/v9\/t33\/1\/16\/2705.png\" alt=\"\u2705\" width=\"16\" height=\"16\" \/><\/span><a class=\"qi72231t nu7423ey n3hqoq4p r86q59rh b3qcqh3k fq87ekyn bdao358l fsf7x5fv rse6dlih s5oniofx m8h3af8h l7ghb35v kjdc1dyq kmwttqpk srn514ro oxkhqvkx rl78xhln nch0832m cr00lzj9 rn8ck1ys s3jn8y49 icdlwmnq cxfqmxzd d1w2l3lo tes86rjd\" tabindex=\"0\" role=\"link\" href=\"https:\/\/www.facebook.com\/hashtag\/marn?__eep__=6&amp;__cft__[0]=AZU_9htGQIPXG5Shq35Ri_PsQJ6daIq0cCq-pfmOn6EnTE-2c76TINjHSUB-6gmxH1jQxW-Dy5Z0EEysnWHDNt2mAjtRbVbWyr6MtY1DJyM4yp98vX770nImyI31ilQP1A-xPhIn6LYapTVsTJZZSSJayIksczcX8QE4fqRUjNlkaA&amp;__tn__=*NK-R\">#MARN<\/a> eficiente y transparente<\/div>\n<div dir=\"auto\" style=\"text-align: justify;\">La Delegaci\u00f3n Departamental del <a class=\"qi72231t nu7423ey n3hqoq4p r86q59rh b3qcqh3k fq87ekyn bdao358l fsf7x5fv rse6dlih s5oniofx m8h3af8h l7ghb35v kjdc1dyq kmwttqpk srn514ro oxkhqvkx rl78xhln nch0832m cr00lzj9 rn8ck1ys s3jn8y49 icdlwmnq cxfqmxzd d1w2l3lo tes86rjd\" tabindex=\"0\" role=\"link\" href=\"https:\/\/www.facebook.com\/hashtag\/marn?__eep__=6&amp;__cft__[0]=AZU_9htGQIPXG5Shq35Ri_PsQJ6daIq0cCq-pfmOn6EnTE-2c76TINjHSUB-6gmxH1jQxW-Dy5Z0EEysnWHDNt2mAjtRbVbWyr6MtY1DJyM4yp98vX770nImyI31ilQP1A-xPhIn6LYapTVsTJZZSSJayIksczcX8QE4fqRUjNlkaA&amp;__tn__=*NK-R\">#MARN<\/a> en coordinaci\u00f3n con estudiantes de Ingenier\u00eda en Gesti\u00f3n Ambiental Local <a class=\"qi72231t nu7423ey n3hqoq4p r86q59rh b3qcqh3k fq87ekyn bdao358l fsf7x5fv rse6dlih s5oniofx m8h3af8h l7ghb35v kjdc1dyq kmwttqpk srn514ro oxkhqvkx rl78xhln nch0832m cr00lzj9 rn8ck1ys s3jn8y49 icdlwmnq cxfqmxzd d1w2l3lo tes86rjd\" tabindex=\"0\" role=\"link\" href=\"https:\/\/www.facebook.com\/hashtag\/igal?__eep__=6&amp;__cft__[0]=AZU_9htGQIPXG5Shq35Ri_PsQJ6daIq0cCq-pfmOn6EnTE-2c76TINjHSUB-6gmxH1jQxW-Dy5Z0EEysnWHDNt2mAjtRbVbWyr6MtY1DJyM4yp98vX770nImyI31ilQP1A-xPhIn6LYapTVsTJZZSSJayIksczcX8QE4fqRUjNlkaA&amp;__tn__=*NK-R\">#IGAL<\/a>, Municipalidad De Cob\u00e1n, Creompaz Cob\u00e1n y Comunitarios del \u00c1rea, realizaron una jornada de limpieza en la Aldea Chicuxab de Cob\u00e1n A.V. En la cual se logr\u00f3 recolectar m\u00e1s de 90 bolsas basura las cuales fueron trasladadas a su disposici\u00f3n final.<\/p>\n<\/div>\n<div dir=\"auto\"><\/div>\n<div dir=\"auto\"><a href=\"https:\/\/www.facebook.com\/100064746607294\/videos\/pcb.469137458587804\/833269864504080\"><img decoding=\"async\" loading=\"lazy\" class=\"alignnone wp-image-13471 size-medium\" title=\"Ver video en Facebook\" src=\"https:\/\/gobernacionaltaverapaz.gob.gt\/wp-content\/uploads\/2022\/09\/01-5-300x200.jpg\" alt=\"\" width=\"300\" height=\"200\" srcset=\"https:\/\/gobernacionaltaverapaz.gob.gt\/wp-content\/uploads\/2022\/09\/01-5-300x200.jpg 300w, https:\/\/gobernacionaltaverapaz.gob.gt\/wp-content\/uploads\/2022\/09\/01-5-768x512.jpg 768w, https:\/\/gobernacionaltaverapaz.gob.gt\/wp-content\/uploads\/2022\/09\/01-5.jpg 900w\" sizes=\"(max-width: 300px) 100vw, 300px\" \/><\/a><\/div>\n<p>&nbsp;<\/p>\n","protected":false},"excerpt":{"rendered":"<p>#MARN eficiente y transparente La Delegaci\u00f3n Departamental del #MARN en coordinaci\u00f3n con estudiantes de Ingenier\u00eda en Gesti\u00f3n Ambiental Local #IGAL, Municipalidad De Cob\u00e1n, Creompaz Cob\u00e1n y Comunitarios del \u00c1rea, realizaron una jornada de limpieza en la Aldea Chicuxab de Cob\u00e1n A.V. En la cual se logr\u00f3 recolectar m\u00e1s de 90 bolsas basura las cuales fueron [&hellip;]<\/p>\n","protected":false},"author":1,"featured_media":13469,"comment_status":"closed","ping_status":"open","sticky":false,"template":"","format":"video","meta":[],"categories":[1],"tags":[178],"_links":{"self":[{"href":"https:\/\/gobernacionaltaverapaz.gob.gt\/index.php?rest_route=\/wp\/v2\/posts\/13470"}],"collection":[{"href":"https:\/\/gobernacionaltaverapaz.gob.gt\/index.php?rest_route=\/wp\/v2\/posts"}],"about":[{"href":"https:\/\/gobernacionaltaverapaz.gob.gt\/index.php?rest_route=\/wp\/v2\/types\/post"}],"author":[{"embeddable":true,"href":"https:\/\/gobernacionaltaverapaz.gob.gt\/index.php?rest_route=\/wp\/v2\/users\/1"}],"replies":[{"embeddable":true,"href":"https:\/\/gobernacionaltaverapaz.gob.gt\/index.php?rest_route=%2Fwp%2Fv2%2Fcomments&post=13470"}],"version-history":[{"count":2,"href":"https:\/\/gobernacionaltaverapaz.gob.gt\/index.php?rest_route=\/wp\/v2\/posts\/13470\/revisions"}],"predecessor-version":[{"id":13473,"href":"https:\/\/gobernacionaltaverapaz.gob.gt\/index.php?rest_route=\/wp\/v2\/posts\/13470\/revisions\/13473"}],"wp:featuredmedia":[{"embeddable":true,"href":"https:\/\/gobernacionaltaverapaz.gob.gt\/index.php?rest_route=\/wp\/v2\/media\/13469"}],"wp:attachment":[{"href":"https:\/\/gobernacionaltaverapaz.gob.gt\/index.php?rest_route=%2Fwp%2Fv2%2Fmedia&parent=13470"}],"wp:term":[{"taxonomy":"category","embeddable":true,"href":"https:\/\/gobernacionaltaverapaz.gob.gt\/index.php?rest_route=%2Fwp%2Fv2%2Fcategories&post=13470"},{"taxonomy":"post_tag","embeddable":true,"href":"https:\/\/gobernacionaltaverapaz.gob.gt\/index.php?rest_route=%2Fwp%2Fv2%2Ftags&post=13470"}],"curies":[{"name":"wp","href":"https:\/\/api.w.org\/{rel}","templated":true}]}}