{"id":13480,"date":"2022-09-15T15:02:20","date_gmt":"2022-09-15T21:02:20","guid":{"rendered":"https:\/\/gobernacionaltaverapaz.gob.gt\/?p=13480"},"modified":"2022-09-19T09:09:02","modified_gmt":"2022-09-19T15:09:02","slug":"programa-de-alimentacin-escolar","status":"publish","type":"post","link":"https:\/\/gobernacionaltaverapaz.gob.gt\/?p=13480","title":{"rendered":"Programa de Alimentaci\u00f3n Escolar"},"content":{"rendered":"<div class=\"\" dir=\"auto\">\n<div class=\"\" dir=\"auto\">\n<div class=\"d2hqwtrz r227ecj6 ez8dtbzv gt60zsk1\" data-ad-comet-preview=\"message\" data-ad-preview=\"message\">\n<div class=\"alzwoclg cqf1kptm siwo0mpr gu5uzgus\">\n<div class=\"jroqu855 nthtkgg5\">\n<div class=\"m8h3af8h l7ghb35v kjdc1dyq kmwttqpk gh25dzvf n3t5jt4f\">\n<div dir=\"auto\"><a class=\"qi72231t nu7423ey n3hqoq4p r86q59rh b3qcqh3k fq87ekyn bdao358l fsf7x5fv rse6dlih s5oniofx m8h3af8h l7ghb35v kjdc1dyq kmwttqpk srn514ro oxkhqvkx rl78xhln nch0832m cr00lzj9 rn8ck1ys s3jn8y49 icdlwmnq cxfqmxzd d1w2l3lo tes86rjd\" tabindex=\"0\" role=\"link\" href=\"https:\/\/www.facebook.com\/hashtag\/juntosvamosporm%C3%A1s?__eep__=6&amp;__cft__[0]=AZUhbXq73tzmrzf7JKzInTfF64kBO_78tjvPN7-ShyAGtHZxZuEN1LeP10osKL1sLpLdtdrqKFHK0Kc_sYPET-HQ74PDO_cKq8N5zmhGFfDuiAQ8lXYLuJOhEbIONUs5Giqy-VLo0Zl3AUgIM4Iueu2Hm6M9TlC0BrkdX-fNTSQhwCwiNDKQ-FuhQ8FNpBB7x27Kw7XVkTnQ_0_TdkVIqvcC&amp;__tn__=*NK-y-R\">#JuntosVamosPorM\u00e1s<\/a> | El Programa de Alimentaci\u00f3n Escolar ha beneficiado a m\u00e1s de 2.6 millones de estudiantes en el pa\u00eds.<\/div>\n<\/div>\n<div class=\"l7ghb35v kjdc1dyq kmwttqpk gh25dzvf jikcssrz n3t5jt4f\">\n<div dir=\"auto\">El Gobierno del presidente <a class=\"qi72231t nu7423ey n3hqoq4p r86q59rh b3qcqh3k fq87ekyn bdao358l fsf7x5fv rse6dlih s5oniofx m8h3af8h l7ghb35v kjdc1dyq kmwttqpk srn514ro oxkhqvkx rl78xhln nch0832m cr00lzj9 rn8ck1ys s3jn8y49 icdlwmnq cxfqmxzd d1w2l3lo tes86rjd\" tabindex=\"0\" role=\"link\" href=\"https:\/\/www.facebook.com\/AlejandroGiammattei?__cft__[0]=AZUhbXq73tzmrzf7JKzInTfF64kBO_78tjvPN7-ShyAGtHZxZuEN1LeP10osKL1sLpLdtdrqKFHK0Kc_sYPET-HQ74PDO_cKq8N5zmhGFfDuiAQ8lXYLuJOhEbIONUs5Giqy-VLo0Zl3AUgIM4Iueu2Hm6M9TlC0BrkdX-fNTSQhwCwiNDKQ-FuhQ8FNpBB7x27Kw7XVkTnQ_0_TdkVIqvcC&amp;__tn__=-]K-y-R\"><span class=\"rse6dlih\">Alejandro Giammattei<\/span><\/a> sigue comprometido con el desarrollo integral de la ni\u00f1ez guatemalteca. <a class=\"qi72231t nu7423ey n3hqoq4p r86q59rh b3qcqh3k fq87ekyn bdao358l fsf7x5fv rse6dlih s5oniofx m8h3af8h l7ghb35v kjdc1dyq kmwttqpk srn514ro oxkhqvkx rl78xhln nch0832m cr00lzj9 rn8ck1ys s3jn8y49 icdlwmnq cxfqmxzd d1w2l3lo tes86rjd\" tabindex=\"0\" role=\"link\" href=\"https:\/\/www.facebook.com\/hashtag\/accionesquetransforman?__eep__=6&amp;__cft__[0]=AZUhbXq73tzmrzf7JKzInTfF64kBO_78tjvPN7-ShyAGtHZxZuEN1LeP10osKL1sLpLdtdrqKFHK0Kc_sYPET-HQ74PDO_cKq8N5zmhGFfDuiAQ8lXYLuJOhEbIONUs5Giqy-VLo0Zl3AUgIM4Iueu2Hm6M9TlC0BrkdX-fNTSQhwCwiNDKQ-FuhQ8FNpBB7x27Kw7XVkTnQ_0_TdkVIqvcC&amp;__tn__=*NK-y-R\">#AccionesQueTransforman<\/a><\/div>\n<\/div>\n<\/div>\n<\/div>\n<\/div>\n<\/div>\n<\/div>\n<div dir=\"auto\"><\/div>\n<div dir=\"auto\"><\/div>\n<div dir=\"auto\"><\/div>\n<div dir=\"auto\"><a href=\"https:\/\/www.facebook.com\/guatemalagob\/posts\/pfbid024pc1Cb4KpVa64Dp2w4YqEeSjoRUdR2hsnkRf4GSayg9LhuPLDDRaJpR8zifNQofGl?__cft__[0]=AZUhbXq73tzmrzf7JKzInTfF64kBO_78tjvPN7-ShyAGtHZxZuEN1LeP10osKL1sLpLdtdrqKFHK0Kc_sYPET-HQ74PDO_cKq8N5zmhGFfDuiAQ8lXYLuJOhEbIONUs5Giqy-VLo0Zl3AUgIM4Iueu2Hm6M9TlC0BrkdX-fNTSQhwCwiNDKQ-FuhQ8FNpBB7x27Kw7XVkTnQ_0_TdkVIqvcC&amp;__tn__=%2CO%2CP-y-R\"><img decoding=\"async\" loading=\"lazy\" class=\"alignnone wp-image-13481 size-full\" title=\"Ver video en Facebook\" src=\"https:\/\/gobernacionaltaverapaz.gob.gt\/wp-content\/uploads\/2022\/09\/0-2.jpg\" alt=\"\" width=\"900\" height=\"600\" srcset=\"https:\/\/gobernacionaltaverapaz.gob.gt\/wp-content\/uploads\/2022\/09\/0-2.jpg 900w, https:\/\/gobernacionaltaverapaz.gob.gt\/wp-content\/uploads\/2022\/09\/0-2-300x200.jpg 300w, https:\/\/gobernacionaltaverapaz.gob.gt\/wp-content\/uploads\/2022\/09\/0-2-768x512.jpg 768w\" sizes=\"(max-width: 900px) 100vw, 900px\" \/><\/a><\/div>\n","protected":false},"excerpt":{"rendered":"<p>#JuntosVamosPorM\u00e1s | El Programa de Alimentaci\u00f3n Escolar ha beneficiado a m\u00e1s de 2.6 millones de estudiantes en el pa\u00eds. El Gobierno del presidente Alejandro Giammattei sigue comprometido con el desarrollo integral de la ni\u00f1ez guatemalteca. #AccionesQueTransforman<\/p>\n","protected":false},"author":1,"featured_media":13482,"comment_status":"closed","ping_status":"open","sticky":false,"template":"","format":"video","meta":[],"categories":[182],"tags":[178],"_links":{"self":[{"href":"https:\/\/gobernacionaltaverapaz.gob.gt\/index.php?rest_route=\/wp\/v2\/posts\/13480"}],"collection":[{"href":"https:\/\/gobernacionaltaverapaz.gob.gt\/index.php?rest_route=\/wp\/v2\/posts"}],"about":[{"href":"https:\/\/gobernacionaltaverapaz.gob.gt\/index.php?rest_route=\/wp\/v2\/types\/post"}],"author":[{"embeddable":true,"href":"https:\/\/gobernacionaltaverapaz.gob.gt\/index.php?rest_route=\/wp\/v2\/users\/1"}],"replies":[{"embeddable":true,"href":"https:\/\/gobernacionaltaverapaz.gob.gt\/index.php?rest_route=%2Fwp%2Fv2%2Fcomments&post=13480"}],"version-history":[{"count":1,"href":"https:\/\/gobernacionaltaverapaz.gob.gt\/index.php?rest_route=\/wp\/v2\/posts\/13480\/revisions"}],"predecessor-version":[{"id":13483,"href":"https:\/\/gobernacionaltaverapaz.gob.gt\/index.php?rest_route=\/wp\/v2\/posts\/13480\/revisions\/13483"}],"wp:featuredmedia":[{"embeddable":true,"href":"https:\/\/gobernacionaltaverapaz.gob.gt\/index.php?rest_route=\/wp\/v2\/media\/13482"}],"wp:attachment":[{"href":"https:\/\/gobernacionaltaverapaz.gob.gt\/index.php?rest_route=%2Fwp%2Fv2%2Fmedia&parent=13480"}],"wp:term":[{"taxonomy":"category","embeddable":true,"href":"https:\/\/gobernacionaltaverapaz.gob.gt\/index.php?rest_route=%2Fwp%2Fv2%2Fcategories&post=13480"},{"taxonomy":"post_tag","embeddable":true,"href":"https:\/\/gobernacionaltaverapaz.gob.gt\/index.php?rest_route=%2Fwp%2Fv2%2Ftags&post=13480"}],"curies":[{"name":"wp","href":"https:\/\/api.w.org\/{rel}","templated":true}]}}