{"id":13500,"date":"2022-09-12T16:02:54","date_gmt":"2022-09-12T22:02:54","guid":{"rendered":"https:\/\/gobernacionaltaverapaz.gob.gt\/?p=13500"},"modified":"2022-09-19T09:34:29","modified_gmt":"2022-09-19T15:34:29","slug":"mejoramiento-del-tramo-carretero-champenguano","status":"publish","type":"post","link":"https:\/\/gobernacionaltaverapaz.gob.gt\/?p=13500","title":{"rendered":"Mejoramiento del tramo carretero Champenguano"},"content":{"rendered":"<div dir=\"auto\" style=\"text-align: justify;\">En cumplimiento a las instrucciones del Sr. Presidente Constitucional de la Rep\u00fablica de Guatemala, Dr. <a class=\"qi72231t nu7423ey n3hqoq4p r86q59rh b3qcqh3k fq87ekyn bdao358l fsf7x5fv rse6dlih s5oniofx m8h3af8h l7ghb35v kjdc1dyq kmwttqpk srn514ro oxkhqvkx rl78xhln nch0832m cr00lzj9 rn8ck1ys s3jn8y49 icdlwmnq cxfqmxzd d1w2l3lo tes86rjd\" tabindex=\"0\" role=\"link\" href=\"https:\/\/www.facebook.com\/AlejandroGiammattei?__cft__[0]=AZVepBD3kTEHXMy0x_N0nmD-1aOsHTFm7oi4FLWkCAD2EPzx57XEX00rDrH1ZH2N1TN_7u2a5lsRHRe6foW4vIFYur1JbxWYxTDOvxwNb-nc_yZWulxCD3KfAQU6FfoxUoMXtbResfP0pti2LVbbWZApcZ4n4IetF-PukMUygUeDaw&amp;__tn__=-]K-R\"><span class=\"rse6dlih\">Alejandro Giammattei<\/span><\/a>, el Dr. Fernando Klarck, Gobernador de Alta Verapaz, se apersono&#8217; el d\u00eda de hoy al municipio de Fray Bartolom\u00e9 de las Casas, con el objetivo de brindar acompa\u00f1amiento ala maquinaria de la Unidad Ejecutora de Conservacion Vial <a class=\"qi72231t nu7423ey n3hqoq4p r86q59rh b3qcqh3k fq87ekyn bdao358l fsf7x5fv rse6dlih s5oniofx m8h3af8h l7ghb35v kjdc1dyq kmwttqpk srn514ro oxkhqvkx rl78xhln nch0832m cr00lzj9 rn8ck1ys s3jn8y49 icdlwmnq cxfqmxzd d1w2l3lo tes86rjd\" tabindex=\"0\" role=\"link\" href=\"https:\/\/www.facebook.com\/hashtag\/covial?__eep__=6&amp;__cft__[0]=AZVepBD3kTEHXMy0x_N0nmD-1aOsHTFm7oi4FLWkCAD2EPzx57XEX00rDrH1ZH2N1TN_7u2a5lsRHRe6foW4vIFYur1JbxWYxTDOvxwNb-nc_yZWulxCD3KfAQU6FfoxUoMXtbResfP0pti2LVbbWZApcZ4n4IetF-PukMUygUeDaw&amp;__tn__=*NK-R\">#COVIAL<\/a>, la cual trabajar\u00e1 en el mejoramiento del tramo carretero Champenguano &#8211; Actela de la Franja Transversal del Norte.<\/div>\n<div dir=\"auto\" style=\"text-align: justify;\"><a class=\"qi72231t nu7423ey n3hqoq4p r86q59rh b3qcqh3k fq87ekyn bdao358l fsf7x5fv rse6dlih s5oniofx m8h3af8h l7ghb35v kjdc1dyq kmwttqpk srn514ro oxkhqvkx rl78xhln nch0832m cr00lzj9 rn8ck1ys s3jn8y49 icdlwmnq cxfqmxzd d1w2l3lo tes86rjd\" tabindex=\"0\" role=\"link\" href=\"https:\/\/www.facebook.com\/guatemalagob?__cft__[0]=AZVepBD3kTEHXMy0x_N0nmD-1aOsHTFm7oi4FLWkCAD2EPzx57XEX00rDrH1ZH2N1TN_7u2a5lsRHRe6foW4vIFYur1JbxWYxTDOvxwNb-nc_yZWulxCD3KfAQU6FfoxUoMXtbResfP0pti2LVbbWZApcZ4n4IetF-PukMUygUeDaw&amp;__tn__=-]K-R\"><span class=\"rse6dlih\">Gobierno de Guatemala<\/span><\/a> <a class=\"qi72231t nu7423ey n3hqoq4p r86q59rh b3qcqh3k fq87ekyn bdao358l fsf7x5fv rse6dlih s5oniofx m8h3af8h l7ghb35v kjdc1dyq kmwttqpk srn514ro oxkhqvkx rl78xhln nch0832m cr00lzj9 rn8ck1ys s3jn8y49 icdlwmnq cxfqmxzd d1w2l3lo tes86rjd\" tabindex=\"0\" role=\"link\" href=\"https:\/\/www.facebook.com\/civguate?__cft__[0]=AZVepBD3kTEHXMy0x_N0nmD-1aOsHTFm7oi4FLWkCAD2EPzx57XEX00rDrH1ZH2N1TN_7u2a5lsRHRe6foW4vIFYur1JbxWYxTDOvxwNb-nc_yZWulxCD3KfAQU6FfoxUoMXtbResfP0pti2LVbbWZApcZ4n4IetF-PukMUygUeDaw&amp;__tn__=-]K-R\"><span class=\"rse6dlih\">CIV- Ministerio de Comunicaciones<\/span><\/a><\/div>\n<div dir=\"auto\" style=\"text-align: justify;\"><a class=\"qi72231t nu7423ey n3hqoq4p r86q59rh b3qcqh3k fq87ekyn bdao358l fsf7x5fv rse6dlih s5oniofx m8h3af8h l7ghb35v kjdc1dyq kmwttqpk srn514ro oxkhqvkx rl78xhln nch0832m cr00lzj9 rn8ck1ys s3jn8y49 icdlwmnq cxfqmxzd d1w2l3lo tes86rjd\" tabindex=\"0\" role=\"link\" href=\"https:\/\/www.facebook.com\/hashtag\/accionesquetransforman?__eep__=6&amp;__cft__[0]=AZVepBD3kTEHXMy0x_N0nmD-1aOsHTFm7oi4FLWkCAD2EPzx57XEX00rDrH1ZH2N1TN_7u2a5lsRHRe6foW4vIFYur1JbxWYxTDOvxwNb-nc_yZWulxCD3KfAQU6FfoxUoMXtbResfP0pti2LVbbWZApcZ4n4IetF-PukMUygUeDaw&amp;__tn__=*NK-R\">#AccionesQueTransforman<\/a><\/div>\n<div dir=\"auto\" style=\"text-align: justify;\"><a class=\"qi72231t nu7423ey n3hqoq4p r86q59rh b3qcqh3k fq87ekyn bdao358l fsf7x5fv rse6dlih s5oniofx m8h3af8h l7ghb35v kjdc1dyq kmwttqpk srn514ro oxkhqvkx rl78xhln nch0832m cr00lzj9 rn8ck1ys s3jn8y49 icdlwmnq cxfqmxzd d1w2l3lo tes86rjd\" tabindex=\"0\" role=\"link\" href=\"https:\/\/www.facebook.com\/hashtag\/juntosvamosporm%C3%A1s?__eep__=6&amp;__cft__[0]=AZVepBD3kTEHXMy0x_N0nmD-1aOsHTFm7oi4FLWkCAD2EPzx57XEX00rDrH1ZH2N1TN_7u2a5lsRHRe6foW4vIFYur1JbxWYxTDOvxwNb-nc_yZWulxCD3KfAQU6FfoxUoMXtbResfP0pti2LVbbWZApcZ4n4IetF-PukMUygUeDaw&amp;__tn__=*NK-R\">#JuntosVamosPorM\u00e1s<\/a><\/div>\n<div dir=\"auto\"><\/div>\n<div dir=\"auto\"><\/div>\n<div dir=\"auto\"><\/div>\n<div dir=\"auto\">\n<div><\/div>\n<\/div>\n<p>&nbsp;<\/p>\n","protected":false},"excerpt":{"rendered":"<p>En cumplimiento a las instrucciones del Sr. Presidente Constitucional de la Rep\u00fablica de Guatemala, Dr. Alejandro Giammattei, el Dr. Fernando Klarck, Gobernador de Alta Verapaz, se apersono&#8217; el d\u00eda de hoy al municipio de Fray Bartolom\u00e9 de las Casas, con el objetivo de brindar acompa\u00f1amiento ala maquinaria de la Unidad Ejecutora de Conservacion Vial #COVIAL, [&hellip;]<\/p>\n","protected":false},"author":1,"featured_media":13496,"comment_status":"closed","ping_status":"open","sticky":false,"template":"","format":"gallery","meta":[],"categories":[4],"tags":[178],"_links":{"self":[{"href":"https:\/\/gobernacionaltaverapaz.gob.gt\/index.php?rest_route=\/wp\/v2\/posts\/13500"}],"collection":[{"href":"https:\/\/gobernacionaltaverapaz.gob.gt\/index.php?rest_route=\/wp\/v2\/posts"}],"about":[{"href":"https:\/\/gobernacionaltaverapaz.gob.gt\/index.php?rest_route=\/wp\/v2\/types\/post"}],"author":[{"embeddable":true,"href":"https:\/\/gobernacionaltaverapaz.gob.gt\/index.php?rest_route=\/wp\/v2\/users\/1"}],"replies":[{"embeddable":true,"href":"https:\/\/gobernacionaltaverapaz.gob.gt\/index.php?rest_route=%2Fwp%2Fv2%2Fcomments&post=13500"}],"version-history":[{"count":1,"href":"https:\/\/gobernacionaltaverapaz.gob.gt\/index.php?rest_route=\/wp\/v2\/posts\/13500\/revisions"}],"predecessor-version":[{"id":13501,"href":"https:\/\/gobernacionaltaverapaz.gob.gt\/index.php?rest_route=\/wp\/v2\/posts\/13500\/revisions\/13501"}],"wp:featuredmedia":[{"embeddable":true,"href":"https:\/\/gobernacionaltaverapaz.gob.gt\/index.php?rest_route=\/wp\/v2\/media\/13496"}],"wp:attachment":[{"href":"https:\/\/gobernacionaltaverapaz.gob.gt\/index.php?rest_route=%2Fwp%2Fv2%2Fmedia&parent=13500"}],"wp:term":[{"taxonomy":"category","embeddable":true,"href":"https:\/\/gobernacionaltaverapaz.gob.gt\/index.php?rest_route=%2Fwp%2Fv2%2Fcategories&post=13500"},{"taxonomy":"post_tag","embeddable":true,"href":"https:\/\/gobernacionaltaverapaz.gob.gt\/index.php?rest_route=%2Fwp%2Fv2%2Ftags&post=13500"}],"curies":[{"name":"wp","href":"https:\/\/api.w.org\/{rel}","templated":true}]}}