{"id":13518,"date":"2022-09-19T11:38:01","date_gmt":"2022-09-19T17:38:01","guid":{"rendered":"https:\/\/gobernacionaltaverapaz.gob.gt\/?p=13518"},"modified":"2022-09-30T11:37:34","modified_gmt":"2022-09-30T17:37:34","slug":"proceso-de-eleccin-de-los-diferentes-sectores-de-representantes-de-entidades-gubernamentales","status":"publish","type":"post","link":"https:\/\/gobernacionaltaverapaz.gob.gt\/?p=13518","title":{"rendered":"Proceso de elecci\u00f3n de los diferentes sectores de representantes de entidades no Gubernamentales"},"content":{"rendered":"<div class=\"m8h3af8h l7ghb35v kjdc1dyq kmwttqpk gh25dzvf n3t5jt4f\">\n<div dir=\"auto\" style=\"text-align: justify;\">Dr. Fernando Rodr\u00edguez Klarck, Gobernador Departamental de Alta Verapaz, Dirigi\u00f3 conferencia de prensa, en compa\u00f1\u00eda de representantes de Instituciones como: <a class=\"qi72231t nu7423ey n3hqoq4p r86q59rh b3qcqh3k fq87ekyn bdao358l fsf7x5fv rse6dlih s5oniofx m8h3af8h l7ghb35v kjdc1dyq kmwttqpk srn514ro oxkhqvkx rl78xhln nch0832m cr00lzj9 rn8ck1ys s3jn8y49 icdlwmnq cxfqmxzd d1w2l3lo tes86rjd\" tabindex=\"0\" role=\"link\" href=\"https:\/\/www.facebook.com\/hashtag\/seprem?__eep__=6&amp;__cft__[0]=AZVVj_eUCIJ5Q8u9c0BewimtmiAIWBgyK3gXwJ7XIB1hpHw2z8hTC5c9f9dnR6r65xErj1dkDDpiYxruyBntJMC3-eMt69I98EFmIrilH3lESJWysv_Znjog8hnU2qL_wMyCt5J1HYekxZec8YDJ2Ceg9BloN_flNtaXg_QPN-_fjQ&amp;__tn__=*NK-R\">#SEPREM<\/a>, <a class=\"qi72231t nu7423ey n3hqoq4p r86q59rh b3qcqh3k fq87ekyn bdao358l fsf7x5fv rse6dlih s5oniofx m8h3af8h l7ghb35v kjdc1dyq kmwttqpk srn514ro oxkhqvkx rl78xhln nch0832m cr00lzj9 rn8ck1ys s3jn8y49 icdlwmnq cxfqmxzd d1w2l3lo tes86rjd\" tabindex=\"0\" role=\"link\" href=\"https:\/\/www.facebook.com\/hashtag\/mintrab?__eep__=6&amp;__cft__[0]=AZVVj_eUCIJ5Q8u9c0BewimtmiAIWBgyK3gXwJ7XIB1hpHw2z8hTC5c9f9dnR6r65xErj1dkDDpiYxruyBntJMC3-eMt69I98EFmIrilH3lESJWysv_Znjog8hnU2qL_wMyCt5J1HYekxZec8YDJ2Ceg9BloN_flNtaXg_QPN-_fjQ&amp;__tn__=*NK-R\">#MINTRAB<\/a>, <a class=\"qi72231t nu7423ey n3hqoq4p r86q59rh b3qcqh3k fq87ekyn bdao358l fsf7x5fv rse6dlih s5oniofx m8h3af8h l7ghb35v kjdc1dyq kmwttqpk srn514ro oxkhqvkx rl78xhln nch0832m cr00lzj9 rn8ck1ys s3jn8y49 icdlwmnq cxfqmxzd d1w2l3lo tes86rjd\" tabindex=\"0\" role=\"link\" href=\"https:\/\/www.facebook.com\/hashtag\/mineco?__eep__=6&amp;__cft__[0]=AZVVj_eUCIJ5Q8u9c0BewimtmiAIWBgyK3gXwJ7XIB1hpHw2z8hTC5c9f9dnR6r65xErj1dkDDpiYxruyBntJMC3-eMt69I98EFmIrilH3lESJWysv_Znjog8hnU2qL_wMyCt5J1HYekxZec8YDJ2Ceg9BloN_flNtaXg_QPN-_fjQ&amp;__tn__=*NK-R\">#MINECO<\/a>, <a class=\"qi72231t nu7423ey n3hqoq4p r86q59rh b3qcqh3k fq87ekyn bdao358l fsf7x5fv rse6dlih s5oniofx m8h3af8h l7ghb35v kjdc1dyq kmwttqpk srn514ro oxkhqvkx rl78xhln nch0832m cr00lzj9 rn8ck1ys s3jn8y49 icdlwmnq cxfqmxzd d1w2l3lo tes86rjd\" tabindex=\"0\" role=\"link\" href=\"https:\/\/www.facebook.com\/hashtag\/inacop?__eep__=6&amp;__cft__[0]=AZVVj_eUCIJ5Q8u9c0BewimtmiAIWBgyK3gXwJ7XIB1hpHw2z8hTC5c9f9dnR6r65xErj1dkDDpiYxruyBntJMC3-eMt69I98EFmIrilH3lESJWysv_Znjog8hnU2qL_wMyCt5J1HYekxZec8YDJ2Ceg9BloN_flNtaXg_QPN-_fjQ&amp;__tn__=*NK-R\">#INACOP<\/a> Y Ministerio de Cultura y Deportes, con la finalidad de informar a la poblaci\u00f3n altaverapacense el lugar y fecha en las que se llevaran a cabo las convocatorias para la elecci\u00f3n de los diferentes sectores de representantes de entidades no gubernamentales, siendo estos:<\/div>\n<\/div>\n<div class=\"l7ghb35v kjdc1dyq kmwttqpk gh25dzvf jikcssrz n3t5jt4f\" style=\"text-align: justify;\">\n<div dir=\"auto\"><span class=\"fxk3tzhb b2rh1bv3 gh55jysx m8h3af8h ewco64xe kjdc1dyq ms56khn7 bq6c9xl4 eohcrkr5 akh3l2rg\"><img decoding=\"async\" loading=\"lazy\" src=\"https:\/\/static.xx.fbcdn.net\/images\/emoji.php\/v9\/t33\/1\/16\/2705.png\" alt=\"\u2705\" width=\"16\" height=\"16\" \/><\/span> Organizaciones de Mujeres \/ <a class=\"qi72231t nu7423ey n3hqoq4p r86q59rh b3qcqh3k fq87ekyn bdao358l fsf7x5fv rse6dlih s5oniofx m8h3af8h l7ghb35v kjdc1dyq kmwttqpk srn514ro oxkhqvkx rl78xhln nch0832m cr00lzj9 rn8ck1ys s3jn8y49 icdlwmnq cxfqmxzd d1w2l3lo tes86rjd\" tabindex=\"0\" role=\"link\" href=\"https:\/\/www.facebook.com\/SEPREM?__cft__[0]=AZVVj_eUCIJ5Q8u9c0BewimtmiAIWBgyK3gXwJ7XIB1hpHw2z8hTC5c9f9dnR6r65xErj1dkDDpiYxruyBntJMC3-eMt69I98EFmIrilH3lESJWysv_Znjog8hnU2qL_wMyCt5J1HYekxZec8YDJ2Ceg9BloN_flNtaXg_QPN-_fjQ&amp;__tn__=-]K-R\"><span class=\"rse6dlih\">Secretar\u00eda Presidencial de la Mujer, Seprem Guatemala<\/span><\/a><\/div>\n<div dir=\"auto\">04 octubre 2022<\/div>\n<div dir=\"auto\">Sal\u00f3n de las Am\u00e9ricas Palacio de Gobernaci\u00f3n de Alta Verapaz.<\/div>\n<\/div>\n<div class=\"l7ghb35v kjdc1dyq kmwttqpk gh25dzvf jikcssrz n3t5jt4f\" style=\"text-align: justify;\">\n<div dir=\"auto\"><span class=\"fxk3tzhb b2rh1bv3 gh55jysx m8h3af8h ewco64xe kjdc1dyq ms56khn7 bq6c9xl4 eohcrkr5 akh3l2rg\"><img decoding=\"async\" loading=\"lazy\" src=\"https:\/\/static.xx.fbcdn.net\/images\/emoji.php\/v9\/t33\/1\/16\/2705.png\" alt=\"\u2705\" width=\"16\" height=\"16\" \/><\/span> Mipymes y Cacif \/ <a class=\"qi72231t nu7423ey n3hqoq4p r86q59rh b3qcqh3k fq87ekyn bdao358l fsf7x5fv rse6dlih s5oniofx m8h3af8h l7ghb35v kjdc1dyq kmwttqpk srn514ro oxkhqvkx rl78xhln nch0832m cr00lzj9 rn8ck1ys s3jn8y49 icdlwmnq cxfqmxzd d1w2l3lo tes86rjd\" tabindex=\"0\" role=\"link\" href=\"https:\/\/www.facebook.com\/MINECOGT?__cft__[0]=AZVVj_eUCIJ5Q8u9c0BewimtmiAIWBgyK3gXwJ7XIB1hpHw2z8hTC5c9f9dnR6r65xErj1dkDDpiYxruyBntJMC3-eMt69I98EFmIrilH3lESJWysv_Znjog8hnU2qL_wMyCt5J1HYekxZec8YDJ2Ceg9BloN_flNtaXg_QPN-_fjQ&amp;__tn__=-]K-R\"><span class=\"rse6dlih\">Ministerio de Econom\u00eda Guatemala<\/span><\/a><\/div>\n<div dir=\"auto\">07 octubre 2022<\/div>\n<\/div>\n<div class=\"l7ghb35v kjdc1dyq kmwttqpk gh25dzvf jikcssrz n3t5jt4f\" style=\"text-align: justify;\">\n<div dir=\"auto\"><span class=\"fxk3tzhb b2rh1bv3 gh55jysx m8h3af8h ewco64xe kjdc1dyq ms56khn7 bq6c9xl4 eohcrkr5 akh3l2rg\"><img decoding=\"async\" loading=\"lazy\" src=\"https:\/\/static.xx.fbcdn.net\/images\/emoji.php\/v9\/t33\/1\/16\/2705.png\" alt=\"\u2705\" width=\"16\" height=\"16\" \/><\/span> Movimientos Cooperativos \/ <a class=\"qi72231t nu7423ey n3hqoq4p r86q59rh b3qcqh3k fq87ekyn bdao358l fsf7x5fv rse6dlih s5oniofx m8h3af8h l7ghb35v kjdc1dyq kmwttqpk srn514ro oxkhqvkx rl78xhln nch0832m cr00lzj9 rn8ck1ys s3jn8y49 icdlwmnq cxfqmxzd d1w2l3lo tes86rjd\" tabindex=\"0\" role=\"link\" href=\"https:\/\/www.facebook.com\/inacopgt?__cft__[0]=AZVVj_eUCIJ5Q8u9c0BewimtmiAIWBgyK3gXwJ7XIB1hpHw2z8hTC5c9f9dnR6r65xErj1dkDDpiYxruyBntJMC3-eMt69I98EFmIrilH3lESJWysv_Znjog8hnU2qL_wMyCt5J1HYekxZec8YDJ2Ceg9BloN_flNtaXg_QPN-_fjQ&amp;__tn__=-]K-R\"><span class=\"rse6dlih\">INACOP<\/span><\/a><\/div>\n<div dir=\"auto\">07 octubre 2022<\/div>\n<div dir=\"auto\">Sal\u00f3n del Consejo de Desarrollo Urbano y Rural -COREDUR-<\/div>\n<\/div>\n<div class=\"l7ghb35v kjdc1dyq kmwttqpk gh25dzvf jikcssrz n3t5jt4f\" style=\"text-align: justify;\">\n<div dir=\"auto\"><span class=\"fxk3tzhb b2rh1bv3 gh55jysx m8h3af8h ewco64xe kjdc1dyq ms56khn7 bq6c9xl4 eohcrkr5 akh3l2rg\"><img decoding=\"async\" loading=\"lazy\" src=\"https:\/\/static.xx.fbcdn.net\/images\/emoji.php\/v9\/t33\/1\/16\/2705.png\" alt=\"\u2705\" width=\"16\" height=\"16\" \/><\/span> Organizaciones de Trabajadores y Organizaciones Campesinas \/ <a class=\"qi72231t nu7423ey n3hqoq4p r86q59rh b3qcqh3k fq87ekyn bdao358l fsf7x5fv rse6dlih s5oniofx m8h3af8h l7ghb35v kjdc1dyq kmwttqpk srn514ro oxkhqvkx rl78xhln nch0832m cr00lzj9 rn8ck1ys s3jn8y49 icdlwmnq cxfqmxzd d1w2l3lo tes86rjd\" tabindex=\"0\" role=\"link\" href=\"https:\/\/www.facebook.com\/Mintrabajoguatemala?__cft__[0]=AZVVj_eUCIJ5Q8u9c0BewimtmiAIWBgyK3gXwJ7XIB1hpHw2z8hTC5c9f9dnR6r65xErj1dkDDpiYxruyBntJMC3-eMt69I98EFmIrilH3lESJWysv_Znjog8hnU2qL_wMyCt5J1HYekxZec8YDJ2Ceg9BloN_flNtaXg_QPN-_fjQ&amp;__tn__=-]K-R\"><span class=\"rse6dlih\">Ministerio de Trabajo y Previsi\u00f3n Social<\/span><\/a><\/div>\n<div dir=\"auto\">10 octubre 2022<\/div>\n<div dir=\"auto\">Sal\u00f3n del Consejo de Desarrollo Urbano y Rural -COREDUR-<\/div>\n<\/div>\n<div class=\"l7ghb35v kjdc1dyq kmwttqpk gh25dzvf jikcssrz n3t5jt4f\" style=\"text-align: justify;\">\n<div dir=\"auto\"><span class=\"fxk3tzhb b2rh1bv3 gh55jysx m8h3af8h ewco64xe kjdc1dyq ms56khn7 bq6c9xl4 eohcrkr5 akh3l2rg\"><img decoding=\"async\" loading=\"lazy\" src=\"https:\/\/static.xx.fbcdn.net\/images\/emoji.php\/v9\/t33\/1\/16\/2705.png\" alt=\"\u2705\" width=\"16\" height=\"16\" \/><\/span> Pueblos Ind\u00edgenas Maya Poqomch\u00ed \/ <a class=\"qi72231t nu7423ey n3hqoq4p r86q59rh b3qcqh3k fq87ekyn bdao358l fsf7x5fv rse6dlih s5oniofx m8h3af8h l7ghb35v kjdc1dyq kmwttqpk srn514ro oxkhqvkx rl78xhln nch0832m cr00lzj9 rn8ck1ys s3jn8y49 icdlwmnq cxfqmxzd d1w2l3lo tes86rjd\" tabindex=\"0\" role=\"link\" href=\"https:\/\/www.facebook.com\/CulturayDeportesGT?__cft__[0]=AZVVj_eUCIJ5Q8u9c0BewimtmiAIWBgyK3gXwJ7XIB1hpHw2z8hTC5c9f9dnR6r65xErj1dkDDpiYxruyBntJMC3-eMt69I98EFmIrilH3lESJWysv_Znjog8hnU2qL_wMyCt5J1HYekxZec8YDJ2Ceg9BloN_flNtaXg_QPN-_fjQ&amp;__tn__=-]K-R\"><span class=\"rse6dlih\">Ministerio de Cultura y Deportes Guatemala<\/span><\/a><\/div>\n<div dir=\"auto\">23 de septiembre 2022<\/div>\n<div dir=\"auto\">Sal\u00f3n Municipal de Santa Cruz Verapaz<\/div>\n<\/div>\n<div class=\"l7ghb35v kjdc1dyq kmwttqpk gh25dzvf jikcssrz n3t5jt4f\">\n<div dir=\"auto\" style=\"text-align: justify;\">Pueblos Ind\u00edgenas Maya Q\u2019eqch\u00ed\u00b4<\/div>\n<div dir=\"auto\" style=\"text-align: justify;\">24 de septiembre<\/div>\n<div dir=\"auto\" style=\"text-align: justify;\">Instituto Nacional de la Juventud, Cob\u00e1n A.V.<\/div>\n<\/div>\n<div dir=\"auto\"><\/div>\n<div dir=\"auto\"><\/div>\n<div dir=\"auto\"><\/div>\n<div dir=\"auto\">\n<div><\/p>\n<p><a href=\"https:\/\/www.facebook.com\/GobernacionAV\/videos\/640306950798695\/?__cft__[0]=AZWmtJ6IzgwexVckxtwOpe3kBZBphFNEmb_4eXc0OwzN5UHZi8Cf6uCV_o95emJkUhFq3y5ApnVjlwnn5FwNDOcMHf6TLLx41l1BgaYYEB2t85rk2mlluR3PEl715QZoQ_5zhvh3v-KPflaJue-g8pMxj0tZnbpMGCT5bWE6_Y0Ix4CYN1SIuuXbNRALxApRAcU&amp;__tn__=%2CO%2CP-R\"><img decoding=\"async\" loading=\"lazy\" class=\"alignnone wp-image-13519 size-medium\" title=\"Ver video en Facebook\" src=\"https:\/\/gobernacionaltaverapaz.gob.gt\/wp-content\/uploads\/2022\/09\/0-6-300x200.jpg\" alt=\"\" width=\"300\" height=\"200\" srcset=\"https:\/\/gobernacionaltaverapaz.gob.gt\/wp-content\/uploads\/2022\/09\/0-6-300x200.jpg 300w, https:\/\/gobernacionaltaverapaz.gob.gt\/wp-content\/uploads\/2022\/09\/0-6-768x512.jpg 768w, https:\/\/gobernacionaltaverapaz.gob.gt\/wp-content\/uploads\/2022\/09\/0-6.jpg 900w\" sizes=\"(max-width: 300px) 100vw, 300px\" \/><\/a><\/div>\n<\/div>\n<p>&nbsp;<\/p>\n","protected":false},"excerpt":{"rendered":"<p>Dr. Fernando Rodr\u00edguez Klarck, Gobernador Departamental de Alta Verapaz, Dirigi\u00f3 conferencia de prensa, en compa\u00f1\u00eda de representantes de Instituciones como: #SEPREM, #MINTRAB, #MINECO, #INACOP Y Ministerio de Cultura y Deportes, con la finalidad de informar a la poblaci\u00f3n altaverapacense el lugar y fecha en las que se llevaran a cabo las convocatorias para la elecci\u00f3n [&hellip;]<\/p>\n","protected":false},"author":1,"featured_media":13515,"comment_status":"closed","ping_status":"open","sticky":false,"template":"","format":"video","meta":[],"categories":[194],"tags":[178],"_links":{"self":[{"href":"https:\/\/gobernacionaltaverapaz.gob.gt\/index.php?rest_route=\/wp\/v2\/posts\/13518"}],"collection":[{"href":"https:\/\/gobernacionaltaverapaz.gob.gt\/index.php?rest_route=\/wp\/v2\/posts"}],"about":[{"href":"https:\/\/gobernacionaltaverapaz.gob.gt\/index.php?rest_route=\/wp\/v2\/types\/post"}],"author":[{"embeddable":true,"href":"https:\/\/gobernacionaltaverapaz.gob.gt\/index.php?rest_route=\/wp\/v2\/users\/1"}],"replies":[{"embeddable":true,"href":"https:\/\/gobernacionaltaverapaz.gob.gt\/index.php?rest_route=%2Fwp%2Fv2%2Fcomments&post=13518"}],"version-history":[{"count":1,"href":"https:\/\/gobernacionaltaverapaz.gob.gt\/index.php?rest_route=\/wp\/v2\/posts\/13518\/revisions"}],"predecessor-version":[{"id":13520,"href":"https:\/\/gobernacionaltaverapaz.gob.gt\/index.php?rest_route=\/wp\/v2\/posts\/13518\/revisions\/13520"}],"wp:featuredmedia":[{"embeddable":true,"href":"https:\/\/gobernacionaltaverapaz.gob.gt\/index.php?rest_route=\/wp\/v2\/media\/13515"}],"wp:attachment":[{"href":"https:\/\/gobernacionaltaverapaz.gob.gt\/index.php?rest_route=%2Fwp%2Fv2%2Fmedia&parent=13518"}],"wp:term":[{"taxonomy":"category","embeddable":true,"href":"https:\/\/gobernacionaltaverapaz.gob.gt\/index.php?rest_route=%2Fwp%2Fv2%2Fcategories&post=13518"},{"taxonomy":"post_tag","embeddable":true,"href":"https:\/\/gobernacionaltaverapaz.gob.gt\/index.php?rest_route=%2Fwp%2Fv2%2Ftags&post=13518"}],"curies":[{"name":"wp","href":"https:\/\/api.w.org\/{rel}","templated":true}]}}