{"id":13526,"date":"2022-09-29T17:12:19","date_gmt":"2022-09-29T23:12:19","guid":{"rendered":"https:\/\/gobernacionaltaverapaz.gob.gt\/?p=13526"},"modified":"2022-09-30T11:49:58","modified_gmt":"2022-09-30T17:49:58","slug":"reunin-con-integrantes-del-grupo-de-toma-de-decisiones-del-coed","status":"publish","type":"post","link":"https:\/\/gobernacionaltaverapaz.gob.gt\/?p=13526","title":{"rendered":"Reuni\u00f3n con integrantes del grupo de toma de decisiones del COED"},"content":{"rendered":"<p style=\"text-align: justify;\"><span class=\"gvxzyvdx aeinzg81 t7p7dqev gh25dzvf exr7barw b6ax4al1 gem102v4 ncib64c9 mrvwc6qr sx8pxkcf f597kf1v cpcgwwas m2nijcs8 hxfwr5lz k1z55t6l oog5qr5w tes86rjd pbevjfx6 ztn2w49o\" dir=\"auto\">Dr. Fernando Rodr\u00edguez Klarck, Gobernador Departamental y Director del COE de Alta Verapaz, sostuvo reuni\u00f3n con integrantes del grupo de toma de decisiones del <a class=\"qi72231t nu7423ey n3hqoq4p r86q59rh b3qcqh3k fq87ekyn bdao358l fsf7x5fv rse6dlih s5oniofx m8h3af8h l7ghb35v kjdc1dyq kmwttqpk srn514ro oxkhqvkx rl78xhln nch0832m cr00lzj9 rn8ck1ys s3jn8y49 icdlwmnq cxfqmxzd d1w2l3lo tes86rjd\" tabindex=\"0\" role=\"link\" href=\"https:\/\/www.facebook.com\/hashtag\/coed?__eep__=6&amp;__cft__[0]=AZWlksbG-mFpUCrKGEPux_PlkyOqUBrfUCvPLVRYshRaLHp6TUG3bu_i-pK-m_vdt-p8OpQ2B4Hg1PSzm8eZ5pxObHfUrCj6r_KDdpgroip5ZEWMVY3rMkP65P0IiYCuEFEzD2u8dN7lK5BXrn-glv_-6wWBUWDyrM1mPH1ZkSzHRg&amp;__tn__=*NK-R\">#COED<\/a>, con la finalidad de socializar la situaci\u00f3n actual ante las inclemencias del tiempo y coordinar de forma interinstitucional acciones pertinentes que den respuesta a las emergencias en los distintos escenarios que se presentan actualmente en el territorio Altaverapacense.<\/span><\/p>\n<p>&nbsp;<\/p>\n<div><\/div>\n","protected":false},"excerpt":{"rendered":"<p>Dr. Fernando Rodr\u00edguez Klarck, Gobernador Departamental y Director del COE de Alta Verapaz, sostuvo reuni\u00f3n con integrantes del grupo de toma de decisiones del #COED, con la finalidad de socializar la situaci\u00f3n actual ante las inclemencias del tiempo y coordinar de forma interinstitucional acciones pertinentes que den respuesta a las emergencias en los distintos escenarios [&hellip;]<\/p>\n","protected":false},"author":1,"featured_media":13522,"comment_status":"closed","ping_status":"open","sticky":false,"template":"","format":"gallery","meta":[],"categories":[194],"tags":[178],"_links":{"self":[{"href":"https:\/\/gobernacionaltaverapaz.gob.gt\/index.php?rest_route=\/wp\/v2\/posts\/13526"}],"collection":[{"href":"https:\/\/gobernacionaltaverapaz.gob.gt\/index.php?rest_route=\/wp\/v2\/posts"}],"about":[{"href":"https:\/\/gobernacionaltaverapaz.gob.gt\/index.php?rest_route=\/wp\/v2\/types\/post"}],"author":[{"embeddable":true,"href":"https:\/\/gobernacionaltaverapaz.gob.gt\/index.php?rest_route=\/wp\/v2\/users\/1"}],"replies":[{"embeddable":true,"href":"https:\/\/gobernacionaltaverapaz.gob.gt\/index.php?rest_route=%2Fwp%2Fv2%2Fcomments&post=13526"}],"version-history":[{"count":1,"href":"https:\/\/gobernacionaltaverapaz.gob.gt\/index.php?rest_route=\/wp\/v2\/posts\/13526\/revisions"}],"predecessor-version":[{"id":13527,"href":"https:\/\/gobernacionaltaverapaz.gob.gt\/index.php?rest_route=\/wp\/v2\/posts\/13526\/revisions\/13527"}],"wp:featuredmedia":[{"embeddable":true,"href":"https:\/\/gobernacionaltaverapaz.gob.gt\/index.php?rest_route=\/wp\/v2\/media\/13522"}],"wp:attachment":[{"href":"https:\/\/gobernacionaltaverapaz.gob.gt\/index.php?rest_route=%2Fwp%2Fv2%2Fmedia&parent=13526"}],"wp:term":[{"taxonomy":"category","embeddable":true,"href":"https:\/\/gobernacionaltaverapaz.gob.gt\/index.php?rest_route=%2Fwp%2Fv2%2Fcategories&post=13526"},{"taxonomy":"post_tag","embeddable":true,"href":"https:\/\/gobernacionaltaverapaz.gob.gt\/index.php?rest_route=%2Fwp%2Fv2%2Ftags&post=13526"}],"curies":[{"name":"wp","href":"https:\/\/api.w.org\/{rel}","templated":true}]}}