{"id":13533,"date":"2022-09-28T17:13:28","date_gmt":"2022-09-28T23:13:28","guid":{"rendered":"https:\/\/gobernacionaltaverapaz.gob.gt\/?p=13533"},"modified":"2022-09-30T12:52:10","modified_gmt":"2022-09-30T18:52:10","slug":"reunin-con-delegados-de-la-sosep","status":"publish","type":"post","link":"https:\/\/gobernacionaltaverapaz.gob.gt\/?p=13533","title":{"rendered":"Reuni\u00f3n con delegados de la SOSEP"},"content":{"rendered":"<p style=\"text-align: justify;\"><span class=\"gvxzyvdx aeinzg81 t7p7dqev gh25dzvf exr7barw b6ax4al1 gem102v4 ncib64c9 mrvwc6qr sx8pxkcf f597kf1v cpcgwwas m2nijcs8 hxfwr5lz k1z55t6l oog5qr5w tes86rjd pbevjfx6 ztn2w49o\" dir=\"auto\">Dr. Fernando Rodr\u00edguez Klarck, Gobernador de Alta Verapaz, sostuvo reuni\u00f3n con delegados de la <a class=\"qi72231t nu7423ey n3hqoq4p r86q59rh b3qcqh3k fq87ekyn bdao358l fsf7x5fv rse6dlih s5oniofx m8h3af8h l7ghb35v kjdc1dyq kmwttqpk srn514ro oxkhqvkx rl78xhln nch0832m cr00lzj9 rn8ck1ys s3jn8y49 icdlwmnq cxfqmxzd d1w2l3lo tes86rjd\" tabindex=\"0\" role=\"link\" href=\"https:\/\/www.facebook.com\/sosepguatemala?__cft__[0]=AZWGDRNTplX8WKRJTzS-z5tpSqATF5itWpP1rI_e0d_6c0XRtIpfm3SMFrgLGN0cd7KHJ2D0GZFsdl6GWoTBe3oDYw29rsxaFQbQGZPbBeko80w-vWgmGMhTtZHPZOyNheQZyaXNduf67y1452yQGNEYveAeldlRVbdMFkb9iJL6sw&amp;__tn__=-]K-R\"><span class=\"rse6dlih\">Secretar\u00eda de Obras Sociales de la Esposa del Presidente<\/span><\/a> (SOSEP), la Organizaci\u00f3n Internacional para las Migraciones (<a class=\"qi72231t nu7423ey n3hqoq4p r86q59rh b3qcqh3k fq87ekyn bdao358l fsf7x5fv rse6dlih s5oniofx m8h3af8h l7ghb35v kjdc1dyq kmwttqpk srn514ro oxkhqvkx rl78xhln nch0832m cr00lzj9 rn8ck1ys s3jn8y49 icdlwmnq cxfqmxzd d1w2l3lo tes86rjd\" tabindex=\"0\" role=\"link\" href=\"https:\/\/www.facebook.com\/OIMGuatemala?__cft__[0]=AZWGDRNTplX8WKRJTzS-z5tpSqATF5itWpP1rI_e0d_6c0XRtIpfm3SMFrgLGN0cd7KHJ2D0GZFsdl6GWoTBe3oDYw29rsxaFQbQGZPbBeko80w-vWgmGMhTtZHPZOyNheQZyaXNduf67y1452yQGNEYveAeldlRVbdMFkb9iJL6sw&amp;__tn__=-]K-R\"><span class=\"rse6dlih\">OIM Guatemala<\/span><\/a>) y la Coordinadora Nacional para la Reducci\u00f3n de Desastres (<a class=\"qi72231t nu7423ey n3hqoq4p r86q59rh b3qcqh3k fq87ekyn bdao358l fsf7x5fv rse6dlih s5oniofx m8h3af8h l7ghb35v kjdc1dyq kmwttqpk srn514ro oxkhqvkx rl78xhln nch0832m cr00lzj9 rn8ck1ys s3jn8y49 icdlwmnq cxfqmxzd d1w2l3lo tes86rjd\" tabindex=\"0\" role=\"link\" href=\"https:\/\/www.facebook.com\/conredgt?__cft__[0]=AZWGDRNTplX8WKRJTzS-z5tpSqATF5itWpP1rI_e0d_6c0XRtIpfm3SMFrgLGN0cd7KHJ2D0GZFsdl6GWoTBe3oDYw29rsxaFQbQGZPbBeko80w-vWgmGMhTtZHPZOyNheQZyaXNduf67y1452yQGNEYveAeldlRVbdMFkb9iJL6sw&amp;__tn__=-]K-R\"><span class=\"rse6dlih\">Conred<\/span><\/a>), con la finalidad de conocer el proyecto denominado: \u201c Abordando las crisis convergentes y el aumento sin precedentes de las necesidades de los desplazados internos, los retornados y sus familias en el norte de Centro Am\u00e9rica\u201d, el cual tiene por objeto el permitir contar con servicios de protecci\u00f3n, asistencia humanitaria y alojamiento seguro, garantizando sus derechos y promoviendo su autonom\u00eda y resiliencia bajo un enfoque de g\u00e9nero, etario, intercultural, de diversidad y sostenibilidad. <\/span><\/p>\n<p>&nbsp;<\/p>\n<div><\/div>\n","protected":false},"excerpt":{"rendered":"<p>Dr. Fernando Rodr\u00edguez Klarck, Gobernador de Alta Verapaz, sostuvo reuni\u00f3n con delegados de la Secretar\u00eda de Obras Sociales de la Esposa del Presidente (SOSEP), la Organizaci\u00f3n Internacional para las Migraciones (OIM Guatemala) y la Coordinadora Nacional para la Reducci\u00f3n de Desastres (Conred), con la finalidad de conocer el proyecto denominado: \u201c Abordando las crisis convergentes [&hellip;]<\/p>\n","protected":false},"author":1,"featured_media":13528,"comment_status":"closed","ping_status":"open","sticky":false,"template":"","format":"gallery","meta":[],"categories":[194],"tags":[178],"_links":{"self":[{"href":"https:\/\/gobernacionaltaverapaz.gob.gt\/index.php?rest_route=\/wp\/v2\/posts\/13533"}],"collection":[{"href":"https:\/\/gobernacionaltaverapaz.gob.gt\/index.php?rest_route=\/wp\/v2\/posts"}],"about":[{"href":"https:\/\/gobernacionaltaverapaz.gob.gt\/index.php?rest_route=\/wp\/v2\/types\/post"}],"author":[{"embeddable":true,"href":"https:\/\/gobernacionaltaverapaz.gob.gt\/index.php?rest_route=\/wp\/v2\/users\/1"}],"replies":[{"embeddable":true,"href":"https:\/\/gobernacionaltaverapaz.gob.gt\/index.php?rest_route=%2Fwp%2Fv2%2Fcomments&post=13533"}],"version-history":[{"count":1,"href":"https:\/\/gobernacionaltaverapaz.gob.gt\/index.php?rest_route=\/wp\/v2\/posts\/13533\/revisions"}],"predecessor-version":[{"id":13534,"href":"https:\/\/gobernacionaltaverapaz.gob.gt\/index.php?rest_route=\/wp\/v2\/posts\/13533\/revisions\/13534"}],"wp:featuredmedia":[{"embeddable":true,"href":"https:\/\/gobernacionaltaverapaz.gob.gt\/index.php?rest_route=\/wp\/v2\/media\/13528"}],"wp:attachment":[{"href":"https:\/\/gobernacionaltaverapaz.gob.gt\/index.php?rest_route=%2Fwp%2Fv2%2Fmedia&parent=13533"}],"wp:term":[{"taxonomy":"category","embeddable":true,"href":"https:\/\/gobernacionaltaverapaz.gob.gt\/index.php?rest_route=%2Fwp%2Fv2%2Fcategories&post=13533"},{"taxonomy":"post_tag","embeddable":true,"href":"https:\/\/gobernacionaltaverapaz.gob.gt\/index.php?rest_route=%2Fwp%2Fv2%2Ftags&post=13533"}],"curies":[{"name":"wp","href":"https:\/\/api.w.org\/{rel}","templated":true}]}}