{"id":13541,"date":"2022-09-21T10:59:00","date_gmt":"2022-09-21T16:59:00","guid":{"rendered":"https:\/\/gobernacionaltaverapaz.gob.gt\/?p=13541"},"modified":"2022-09-30T14:41:46","modified_gmt":"2022-09-30T20:41:46","slug":"celebracin-del-mcdia-feliz-por-los-nios","status":"publish","type":"post","link":"https:\/\/gobernacionaltaverapaz.gob.gt\/?p=13541","title":{"rendered":"Celebraci\u00f3n del McDia Feliz por los Ni\u00f1os"},"content":{"rendered":"<p style=\"text-align: justify;\"><span class=\"gvxzyvdx aeinzg81 t7p7dqev gh25dzvf exr7barw b6ax4al1 gem102v4 ncib64c9 mrvwc6qr sx8pxkcf f597kf1v cpcgwwas m2nijcs8 hxfwr5lz k1z55t6l oog5qr5w tes86rjd pbevjfx6 ztn2w49o\" dir=\"auto\">Con el objetivo de pintar una sonrisa a favor de la ni\u00f1ez Altaverapacense, Dr. Fernando Klarck, Gobernador de Alta Verapaz hizo presencia este mi\u00e9rcoles 21 de septiembre de 2022 a las instalaciones de <a class=\"qi72231t nu7423ey n3hqoq4p r86q59rh b3qcqh3k fq87ekyn bdao358l fsf7x5fv rse6dlih s5oniofx m8h3af8h l7ghb35v kjdc1dyq kmwttqpk srn514ro oxkhqvkx rl78xhln nch0832m cr00lzj9 rn8ck1ys s3jn8y49 icdlwmnq cxfqmxzd d1w2l3lo tes86rjd\" tabindex=\"0\" role=\"link\" href=\"https:\/\/www.facebook.com\/McDonalds\/?__cft__[0]=AZUkZmcu8_h0MV0ZwRQQHvKrYX9H-ARGd3f7eQe7mAwL8gRNmbLzBAMrP5e9m6N_hK6kKCP5SiRWvMQEqLy6cJTkzVdS01DazZEYJE7UODRgTLHD-gnOYHgEBD5jkJrwpPzV9aJYMMhHTib72ycNE4eKW6xFcmvT4H4Akmfh9dbBAw&amp;__tn__=kK-R\"><span class=\"rse6dlih\">McDonald&#8217;s<\/span><\/a> Plaza Magdalena en celebraci\u00f3n del McDia Feliz por los Ni\u00f1os, haciendo un llamado a la poblaci\u00f3n en general a que asista, disfrute, deguste y apoye esta actividad, ya que el 100% de la venta de Big Mac de este d\u00eda ser\u00e1 donado a causas ben\u00e9ficas en favor de los guatemaltecos.<\/span><\/p>\n<p>&nbsp;<\/p>\n<p>&nbsp;<\/p>\n<div><\/div>\n","protected":false},"excerpt":{"rendered":"<p>Con el objetivo de pintar una sonrisa a favor de la ni\u00f1ez Altaverapacense, Dr. Fernando Klarck, Gobernador de Alta Verapaz hizo presencia este mi\u00e9rcoles 21 de septiembre de 2022 a las instalaciones de McDonald&#8217;s Plaza Magdalena en celebraci\u00f3n del McDia Feliz por los Ni\u00f1os, haciendo un llamado a la poblaci\u00f3n en general a que asista, [&hellip;]<\/p>\n","protected":false},"author":1,"featured_media":13535,"comment_status":"closed","ping_status":"open","sticky":false,"template":"","format":"gallery","meta":[],"categories":[183],"tags":[178],"_links":{"self":[{"href":"https:\/\/gobernacionaltaverapaz.gob.gt\/index.php?rest_route=\/wp\/v2\/posts\/13541"}],"collection":[{"href":"https:\/\/gobernacionaltaverapaz.gob.gt\/index.php?rest_route=\/wp\/v2\/posts"}],"about":[{"href":"https:\/\/gobernacionaltaverapaz.gob.gt\/index.php?rest_route=\/wp\/v2\/types\/post"}],"author":[{"embeddable":true,"href":"https:\/\/gobernacionaltaverapaz.gob.gt\/index.php?rest_route=\/wp\/v2\/users\/1"}],"replies":[{"embeddable":true,"href":"https:\/\/gobernacionaltaverapaz.gob.gt\/index.php?rest_route=%2Fwp%2Fv2%2Fcomments&post=13541"}],"version-history":[{"count":1,"href":"https:\/\/gobernacionaltaverapaz.gob.gt\/index.php?rest_route=\/wp\/v2\/posts\/13541\/revisions"}],"predecessor-version":[{"id":13542,"href":"https:\/\/gobernacionaltaverapaz.gob.gt\/index.php?rest_route=\/wp\/v2\/posts\/13541\/revisions\/13542"}],"wp:featuredmedia":[{"embeddable":true,"href":"https:\/\/gobernacionaltaverapaz.gob.gt\/index.php?rest_route=\/wp\/v2\/media\/13535"}],"wp:attachment":[{"href":"https:\/\/gobernacionaltaverapaz.gob.gt\/index.php?rest_route=%2Fwp%2Fv2%2Fmedia&parent=13541"}],"wp:term":[{"taxonomy":"category","embeddable":true,"href":"https:\/\/gobernacionaltaverapaz.gob.gt\/index.php?rest_route=%2Fwp%2Fv2%2Fcategories&post=13541"},{"taxonomy":"post_tag","embeddable":true,"href":"https:\/\/gobernacionaltaverapaz.gob.gt\/index.php?rest_route=%2Fwp%2Fv2%2Ftags&post=13541"}],"curies":[{"name":"wp","href":"https:\/\/api.w.org\/{rel}","templated":true}]}}