{"id":13548,"date":"2022-09-21T16:48:29","date_gmt":"2022-09-21T22:48:29","guid":{"rendered":"https:\/\/gobernacionaltaverapaz.gob.gt\/?p=13548"},"modified":"2022-09-30T14:59:39","modified_gmt":"2022-09-30T20:59:39","slug":"encuentro-cooperacin-alianzas-para-el-desarrollo-de-alta-verapaz","status":"publish","type":"post","link":"https:\/\/gobernacionaltaverapaz.gob.gt\/?p=13548","title":{"rendered":"Encuentro Cooperaci\u00f3n y Alianzas para el Desarrollo de Alta Verapaz"},"content":{"rendered":"<div dir=\"auto\" style=\"text-align: justify;\">Dr. Fernando Rodr\u00edguez Klarck, Gobernador Departamental y presidente de la mesa de cooperacion internacional, particip\u00f3 en el encuentro: Cooperaci\u00f3n y Alianzas para el Desarrollo de Alta Verapaz. El cual tuvo como objetivo dar a conocer a la poblaci\u00f3n el apoyo de la Cooperaci\u00f3n Internacional en el territorio Altaverapacense.<\/div>\n<div dir=\"auto\" style=\"text-align: justify;\">As\u00ed mismo se llev\u00f3 acabo la apertura de la Expo Cooperaci\u00f3n al Desarrollo.<\/div>\n<div dir=\"auto\"><\/div>\n<div dir=\"auto\"><\/div>\n<div dir=\"auto\"><\/div>\n<div dir=\"auto\">\n<div><\/div>\n<\/div>\n<p>&nbsp;<\/p>\n","protected":false},"excerpt":{"rendered":"<p>Dr. Fernando Rodr\u00edguez Klarck, Gobernador Departamental y presidente de la mesa de cooperacion internacional, particip\u00f3 en el encuentro: Cooperaci\u00f3n y Alianzas para el Desarrollo de Alta Verapaz. El cual tuvo como objetivo dar a conocer a la poblaci\u00f3n el apoyo de la Cooperaci\u00f3n Internacional en el territorio Altaverapacense. As\u00ed mismo se llev\u00f3 acabo la apertura [&hellip;]<\/p>\n","protected":false},"author":1,"featured_media":13543,"comment_status":"closed","ping_status":"open","sticky":false,"template":"","format":"gallery","meta":[],"categories":[194],"tags":[178],"_links":{"self":[{"href":"https:\/\/gobernacionaltaverapaz.gob.gt\/index.php?rest_route=\/wp\/v2\/posts\/13548"}],"collection":[{"href":"https:\/\/gobernacionaltaverapaz.gob.gt\/index.php?rest_route=\/wp\/v2\/posts"}],"about":[{"href":"https:\/\/gobernacionaltaverapaz.gob.gt\/index.php?rest_route=\/wp\/v2\/types\/post"}],"author":[{"embeddable":true,"href":"https:\/\/gobernacionaltaverapaz.gob.gt\/index.php?rest_route=\/wp\/v2\/users\/1"}],"replies":[{"embeddable":true,"href":"https:\/\/gobernacionaltaverapaz.gob.gt\/index.php?rest_route=%2Fwp%2Fv2%2Fcomments&post=13548"}],"version-history":[{"count":1,"href":"https:\/\/gobernacionaltaverapaz.gob.gt\/index.php?rest_route=\/wp\/v2\/posts\/13548\/revisions"}],"predecessor-version":[{"id":13549,"href":"https:\/\/gobernacionaltaverapaz.gob.gt\/index.php?rest_route=\/wp\/v2\/posts\/13548\/revisions\/13549"}],"wp:featuredmedia":[{"embeddable":true,"href":"https:\/\/gobernacionaltaverapaz.gob.gt\/index.php?rest_route=\/wp\/v2\/media\/13543"}],"wp:attachment":[{"href":"https:\/\/gobernacionaltaverapaz.gob.gt\/index.php?rest_route=%2Fwp%2Fv2%2Fmedia&parent=13548"}],"wp:term":[{"taxonomy":"category","embeddable":true,"href":"https:\/\/gobernacionaltaverapaz.gob.gt\/index.php?rest_route=%2Fwp%2Fv2%2Fcategories&post=13548"},{"taxonomy":"post_tag","embeddable":true,"href":"https:\/\/gobernacionaltaverapaz.gob.gt\/index.php?rest_route=%2Fwp%2Fv2%2Ftags&post=13548"}],"curies":[{"name":"wp","href":"https:\/\/api.w.org\/{rel}","templated":true}]}}