{"id":13566,"date":"2022-09-26T10:13:39","date_gmt":"2022-09-26T16:13:39","guid":{"rendered":"https:\/\/gobernacionaltaverapaz.gob.gt\/?p=13566"},"modified":"2022-09-30T16:24:11","modified_gmt":"2022-09-30T22:24:11","slug":"primer-festival-cultural-msica-arte-gastronoma-cultura","status":"publish","type":"post","link":"https:\/\/gobernacionaltaverapaz.gob.gt\/?p=13566","title":{"rendered":"Primer Festival Cultural M\u00fasica &#8211; Arte &#8211; Gastronom\u00eda &#8211; Cultura"},"content":{"rendered":"<div class=\"m8h3af8h l7ghb35v kjdc1dyq kmwttqpk gh25dzvf n3t5jt4f\">\n<div dir=\"auto\" style=\"text-align: justify;\"><span class=\"fxk3tzhb b2rh1bv3 gh55jysx m8h3af8h ewco64xe kjdc1dyq ms56khn7 bq6c9xl4 eohcrkr5 akh3l2rg\"><img decoding=\"async\" loading=\"lazy\" src=\"https:\/\/static.xx.fbcdn.net\/images\/emoji.php\/v9\/t33\/1\/16\/2705.png\" alt=\"\u2705\" width=\"16\" height=\"16\" \/><\/span>Con la finalidad de resaltar los valores culturales de departamento, el d\u00eda de ayer domingo 25 de septiembre, se llev\u00f3 a cabo el <a class=\"qi72231t nu7423ey n3hqoq4p r86q59rh b3qcqh3k fq87ekyn bdao358l fsf7x5fv rse6dlih s5oniofx m8h3af8h l7ghb35v kjdc1dyq kmwttqpk srn514ro oxkhqvkx rl78xhln nch0832m cr00lzj9 rn8ck1ys s3jn8y49 icdlwmnq cxfqmxzd d1w2l3lo tes86rjd\" tabindex=\"0\" role=\"link\" href=\"https:\/\/www.facebook.com\/hashtag\/ifestival?__eep__=6&amp;__cft__[0]=AZVqLnO6Z99oICYfQA88U7SAA8zSi_sWJfVHk4_oM4pkfpwb07dh-13dux-xXy7cJfSPaZtQ89Q2EYRGpeUw-ZHnGAHdbsqIT6w6y56CVvGPZPkC2BjsjCMQ9LQAqsVvK4IK76cJQKB45rONHfyetnFpDkcUObGX4DKUKpjp_JfDLw&amp;__tn__=*NK-R\">#IFESTIVAL<\/a> CULTURAL <a class=\"qi72231t nu7423ey n3hqoq4p r86q59rh b3qcqh3k fq87ekyn bdao358l fsf7x5fv rse6dlih s5oniofx m8h3af8h l7ghb35v kjdc1dyq kmwttqpk srn514ro oxkhqvkx rl78xhln nch0832m cr00lzj9 rn8ck1ys s3jn8y49 icdlwmnq cxfqmxzd d1w2l3lo tes86rjd\" tabindex=\"0\" role=\"link\" href=\"https:\/\/www.facebook.com\/hashtag\/m%C3%BAsica?__eep__=6&amp;__cft__[0]=AZVqLnO6Z99oICYfQA88U7SAA8zSi_sWJfVHk4_oM4pkfpwb07dh-13dux-xXy7cJfSPaZtQ89Q2EYRGpeUw-ZHnGAHdbsqIT6w6y56CVvGPZPkC2BjsjCMQ9LQAqsVvK4IK76cJQKB45rONHfyetnFpDkcUObGX4DKUKpjp_JfDLw&amp;__tn__=*NK-R\">#M\u00fasica<\/a> &#8211; <a class=\"qi72231t nu7423ey n3hqoq4p r86q59rh b3qcqh3k fq87ekyn bdao358l fsf7x5fv rse6dlih s5oniofx m8h3af8h l7ghb35v kjdc1dyq kmwttqpk srn514ro oxkhqvkx rl78xhln nch0832m cr00lzj9 rn8ck1ys s3jn8y49 icdlwmnq cxfqmxzd d1w2l3lo tes86rjd\" tabindex=\"0\" role=\"link\" href=\"https:\/\/www.facebook.com\/hashtag\/arte?__eep__=6&amp;__cft__[0]=AZVqLnO6Z99oICYfQA88U7SAA8zSi_sWJfVHk4_oM4pkfpwb07dh-13dux-xXy7cJfSPaZtQ89Q2EYRGpeUw-ZHnGAHdbsqIT6w6y56CVvGPZPkC2BjsjCMQ9LQAqsVvK4IK76cJQKB45rONHfyetnFpDkcUObGX4DKUKpjp_JfDLw&amp;__tn__=*NK-R\">#Arte<\/a> &#8211; <a class=\"qi72231t nu7423ey n3hqoq4p r86q59rh b3qcqh3k fq87ekyn bdao358l fsf7x5fv rse6dlih s5oniofx m8h3af8h l7ghb35v kjdc1dyq kmwttqpk srn514ro oxkhqvkx rl78xhln nch0832m cr00lzj9 rn8ck1ys s3jn8y49 icdlwmnq cxfqmxzd d1w2l3lo tes86rjd\" tabindex=\"0\" role=\"link\" href=\"https:\/\/www.facebook.com\/hashtag\/gastronom%C3%ADa?__eep__=6&amp;__cft__[0]=AZVqLnO6Z99oICYfQA88U7SAA8zSi_sWJfVHk4_oM4pkfpwb07dh-13dux-xXy7cJfSPaZtQ89Q2EYRGpeUw-ZHnGAHdbsqIT6w6y56CVvGPZPkC2BjsjCMQ9LQAqsVvK4IK76cJQKB45rONHfyetnFpDkcUObGX4DKUKpjp_JfDLw&amp;__tn__=*NK-R\">#Gastronom\u00eda<\/a> &#8211; <a class=\"qi72231t nu7423ey n3hqoq4p r86q59rh b3qcqh3k fq87ekyn bdao358l fsf7x5fv rse6dlih s5oniofx m8h3af8h l7ghb35v kjdc1dyq kmwttqpk srn514ro oxkhqvkx rl78xhln nch0832m cr00lzj9 rn8ck1ys s3jn8y49 icdlwmnq cxfqmxzd d1w2l3lo tes86rjd\" tabindex=\"0\" role=\"link\" href=\"https:\/\/www.facebook.com\/hashtag\/cultura?__eep__=6&amp;__cft__[0]=AZVqLnO6Z99oICYfQA88U7SAA8zSi_sWJfVHk4_oM4pkfpwb07dh-13dux-xXy7cJfSPaZtQ89Q2EYRGpeUw-ZHnGAHdbsqIT6w6y56CVvGPZPkC2BjsjCMQ9LQAqsVvK4IK76cJQKB45rONHfyetnFpDkcUObGX4DKUKpjp_JfDLw&amp;__tn__=*NK-R\">#Cultura<\/a>, en las instalaciones del Parque Infantil Navidad del Palacio de Gobernaci\u00f3n Departamental.<\/div>\n<\/div>\n<div class=\"l7ghb35v kjdc1dyq kmwttqpk gh25dzvf jikcssrz n3t5jt4f\" style=\"text-align: justify;\">\n<div dir=\"auto\">Actividad que fue promovida y dirigida por el Dr. Fernando Rodr\u00edguez Klarck, Gobernador de Alta Verapaz, quien estuvo acompa\u00f1ado de los diputados de Alta Verapaz, <a class=\"qi72231t nu7423ey n3hqoq4p r86q59rh b3qcqh3k fq87ekyn bdao358l fsf7x5fv rse6dlih s5oniofx m8h3af8h l7ghb35v kjdc1dyq kmwttqpk srn514ro oxkhqvkx rl78xhln nch0832m cr00lzj9 rn8ck1ys s3jn8y49 icdlwmnq cxfqmxzd d1w2l3lo tes86rjd\" tabindex=\"0\" role=\"link\" href=\"https:\/\/www.facebook.com\/PoloSalazarAV?__cft__[0]=AZVqLnO6Z99oICYfQA88U7SAA8zSi_sWJfVHk4_oM4pkfpwb07dh-13dux-xXy7cJfSPaZtQ89Q2EYRGpeUw-ZHnGAHdbsqIT6w6y56CVvGPZPkC2BjsjCMQ9LQAqsVvK4IK76cJQKB45rONHfyetnFpDkcUObGX4DKUKpjp_JfDLw&amp;__tn__=-]K-R\"><span class=\"rse6dlih\">Diputado Polo Salazar<\/span><\/a> y Darwin Lucas, <a class=\"qi72231t nu7423ey n3hqoq4p r86q59rh b3qcqh3k fq87ekyn bdao358l fsf7x5fv rse6dlih s5oniofx m8h3af8h l7ghb35v kjdc1dyq kmwttqpk srn514ro oxkhqvkx rl78xhln nch0832m cr00lzj9 rn8ck1ys s3jn8y49 icdlwmnq cxfqmxzd d1w2l3lo tes86rjd\" tabindex=\"0\" role=\"link\" href=\"https:\/\/www.facebook.com\/AMIGOSDELAMARIMBACOBAN?__cft__[0]=AZVqLnO6Z99oICYfQA88U7SAA8zSi_sWJfVHk4_oM4pkfpwb07dh-13dux-xXy7cJfSPaZtQ89Q2EYRGpeUw-ZHnGAHdbsqIT6w6y56CVvGPZPkC2BjsjCMQ9LQAqsVvK4IK76cJQKB45rONHfyetnFpDkcUObGX4DKUKpjp_JfDLw&amp;__tn__=-]K-R\"><span class=\"rse6dlih\">Asociacion Civil Amigos De La Marimba De Coban<\/span><\/a> y la Marimba Galones Y Ritmo de CREOMPAZ.<\/div>\n<\/div>\n<div class=\"l7ghb35v kjdc1dyq kmwttqpk gh25dzvf jikcssrz n3t5jt4f\" style=\"text-align: justify;\">\n<div dir=\"auto\">Se rindi\u00f3 homenaje a Escritores, Autores, Compositores, M\u00fasicos, Folkloristas y Culturistas de Alta Verapaz.<\/div>\n<\/div>\n<div class=\"l7ghb35v kjdc1dyq kmwttqpk gh25dzvf jikcssrz n3t5jt4f\" style=\"text-align: justify;\">\n<div dir=\"auto\"><span class=\"fxk3tzhb b2rh1bv3 gh55jysx m8h3af8h ewco64xe kjdc1dyq ms56khn7 bq6c9xl4 eohcrkr5 akh3l2rg\"><img decoding=\"async\" loading=\"lazy\" src=\"https:\/\/static.xx.fbcdn.net\/images\/emoji.php\/v9\/t3d\/1\/16\/1f3c5.png\" alt=\"\ud83c\udfc5\" width=\"16\" height=\"16\" \/><\/span>HOMENAJEADOS:<\/div>\n<\/div>\n<div class=\"l7ghb35v kjdc1dyq kmwttqpk gh25dzvf jikcssrz n3t5jt4f\" style=\"text-align: justify;\">\n<div dir=\"auto\"><span class=\"fxk3tzhb b2rh1bv3 gh55jysx m8h3af8h ewco64xe kjdc1dyq ms56khn7 bq6c9xl4 eohcrkr5 akh3l2rg\"><img decoding=\"async\" loading=\"lazy\" src=\"https:\/\/static.xx.fbcdn.net\/images\/emoji.php\/v9\/tcc\/1\/16\/1f4dd.png\" alt=\"\ud83d\udcdd\" width=\"16\" height=\"16\" \/><\/span>ESCRITORES<\/div>\n<div dir=\"auto\">Lic. Carlos Humberto Leal.<\/div>\n<div dir=\"auto\">Lic. Ramero Augusto Argueta L\u00f3pez.<\/div>\n<div dir=\"auto\">Sr. Rolando Morales Zetina.<\/div>\n<div dir=\"auto\">Lic. Alfredo Morales.<\/div>\n<div dir=\"auto\">Prof. Julio Enrique Reiche Pop.<\/div>\n<div dir=\"auto\">Licda. Hilma Lupercia Ruiz de Gamboa.<\/div>\n<div dir=\"auto\">Licda. Hilda Julia Shulz Wholers viuda de Sierra.<\/div>\n<\/div>\n<div class=\"l7ghb35v kjdc1dyq kmwttqpk gh25dzvf jikcssrz n3t5jt4f\" style=\"text-align: justify;\">\n<div dir=\"auto\">AUTOR Y COMPOSITOR<\/div>\n<div dir=\"auto\">Lic. Jos\u00e9 Armando Tzul.<\/div>\n<\/div>\n<div class=\"l7ghb35v kjdc1dyq kmwttqpk gh25dzvf jikcssrz n3t5jt4f\" style=\"text-align: justify;\">\n<div dir=\"auto\"><span class=\"fxk3tzhb b2rh1bv3 gh55jysx m8h3af8h ewco64xe kjdc1dyq ms56khn7 bq6c9xl4 eohcrkr5 akh3l2rg\"><img decoding=\"async\" loading=\"lazy\" src=\"https:\/\/static.xx.fbcdn.net\/images\/emoji.php\/v9\/tf1\/1\/16\/1f537.png\" alt=\"\ud83d\udd37\ufe0f\" width=\"16\" height=\"16\" \/><\/span>MUSICO<\/div>\n<div dir=\"auto\">Humberto Jacobo Mart\u00ednez.<\/div>\n<div dir=\"auto\">Mart\u00ednez Didiel Choco Quib.<\/div>\n<\/div>\n<div class=\"l7ghb35v kjdc1dyq kmwttqpk gh25dzvf jikcssrz n3t5jt4f\" style=\"text-align: justify;\">\n<div dir=\"auto\"><span class=\"fxk3tzhb b2rh1bv3 gh55jysx m8h3af8h ewco64xe kjdc1dyq ms56khn7 bq6c9xl4 eohcrkr5 akh3l2rg\"><img decoding=\"async\" loading=\"lazy\" src=\"https:\/\/static.xx.fbcdn.net\/images\/emoji.php\/v9\/tf1\/1\/16\/1f537.png\" alt=\"\ud83d\udd37\ufe0f\" width=\"16\" height=\"16\" \/><\/span>FLOKCLORISTA<\/div>\n<div dir=\"auto\">Mar\u00eda Elena Winter (Nana Winter)<\/div>\n<div dir=\"auto\">Josefina Barrios Pop.<\/div>\n<div dir=\"auto\">Jorge An\u00edbal Motta.<\/div>\n<div dir=\"auto\">Fidel Augusto Ponce Gonz\u00e1lez.<\/div>\n<div dir=\"auto\">Manuel de Jes\u00fas Matta Santos.<\/div>\n<div dir=\"auto\">Aracely Magaly Paz de Lucas.<\/div>\n<\/div>\n<div class=\"l7ghb35v kjdc1dyq kmwttqpk gh25dzvf jikcssrz n3t5jt4f\" style=\"text-align: justify;\">\n<div dir=\"auto\">Adem\u00e1s, se entreg\u00f3 reconocimientos a personalidades por su labor en la Cultura, Gastronom\u00eda y artesan\u00edas.<\/div>\n<\/div>\n<div class=\"l7ghb35v kjdc1dyq kmwttqpk gh25dzvf jikcssrz n3t5jt4f\" style=\"text-align: justify;\">\n<div dir=\"auto\"><span class=\"fxk3tzhb b2rh1bv3 gh55jysx m8h3af8h ewco64xe kjdc1dyq ms56khn7 bq6c9xl4 eohcrkr5 akh3l2rg\"><img decoding=\"async\" loading=\"lazy\" src=\"https:\/\/static.xx.fbcdn.net\/images\/emoji.php\/v9\/t4b\/1\/16\/1f4dc.png\" alt=\"\ud83d\udcdc\" width=\"16\" height=\"16\" \/><\/span>RECONOCIMIENTOS:<\/div>\n<div dir=\"auto\"><span class=\"fxk3tzhb b2rh1bv3 gh55jysx m8h3af8h ewco64xe kjdc1dyq ms56khn7 bq6c9xl4 eohcrkr5 akh3l2rg\"><img decoding=\"async\" loading=\"lazy\" src=\"https:\/\/static.xx.fbcdn.net\/images\/emoji.php\/v9\/tf1\/1\/16\/1f537.png\" alt=\"\ud83d\udd37\ufe0f\" width=\"16\" height=\"16\" \/><\/span>CULTURA<\/div>\n<div dir=\"auto\">Asociaci\u00f3n Civil Amigos De La Marimba De Cob\u00e1n.<\/div>\n<div dir=\"auto\">Casa de la Cultura de Santa Cruz Verapaz.<\/div>\n<div dir=\"auto\">Marimba Galones y Ritmo de CREOMPAZ.<\/div>\n<div dir=\"auto\">#<\/div>\n<div dir=\"auto\"><span class=\"fxk3tzhb b2rh1bv3 gh55jysx m8h3af8h ewco64xe kjdc1dyq ms56khn7 bq6c9xl4 eohcrkr5 akh3l2rg\"><img decoding=\"async\" loading=\"lazy\" src=\"https:\/\/static.xx.fbcdn.net\/images\/emoji.php\/v9\/tf1\/1\/16\/1f537.png\" alt=\"\ud83d\udd37\ufe0f\" width=\"16\" height=\"16\" \/><\/span>ARTESANOS<\/div>\n<div dir=\"auto\">Red de Artesanos Emprendedores de A.V.<\/div>\n<div dir=\"auto\">Artesanos Mayas.<\/div>\n<\/div>\n<div class=\"l7ghb35v kjdc1dyq kmwttqpk gh25dzvf jikcssrz n3t5jt4f\">\n<div dir=\"auto\" style=\"text-align: justify;\"><span class=\"fxk3tzhb b2rh1bv3 gh55jysx m8h3af8h ewco64xe kjdc1dyq ms56khn7 bq6c9xl4 eohcrkr5 akh3l2rg\"><img decoding=\"async\" loading=\"lazy\" src=\"https:\/\/static.xx.fbcdn.net\/images\/emoji.php\/v9\/tf1\/1\/16\/1f537.png\" alt=\"\ud83d\udd37\ufe0f\" width=\"16\" height=\"16\" \/><\/span>GASTRONOM\u00cdA<\/div>\n<div dir=\"auto\" style=\"text-align: justify;\">Escuela de Gastronom\u00eda Miska Talita Kumi.<\/div>\n<div dir=\"auto\" style=\"text-align: justify;\">Emprendimiento de Victoria Chen Molina.<\/div>\n<\/div>\n<div dir=\"auto\"><\/div>\n<div dir=\"auto\"><\/div>\n<div dir=\"auto\"><\/div>\n<div dir=\"auto\">\n<div><\/p>\n<div><a href=\"https:\/\/www.facebook.com\/photo\/?fbid=487094836792066&amp;set=pcb.487097800125103\"><img decoding=\"async\" loading=\"lazy\" class=\"alignnone wp-image-13567 size-full\" title=\"Ver galer\u00eda en Facebook\" src=\"https:\/\/gobernacionaltaverapaz.gob.gt\/wp-content\/uploads\/2022\/09\/galeria.jpg\" alt=\"\" width=\"215\" height=\"71\" \/><\/a><\/div>\n<\/div>\n<\/div>\n<div><\/div>\n<div><\/div>\n<div><\/div>\n<div><a href=\"https:\/\/www.facebook.com\/GobernacionAV\/videos\/383514930660915\/?__cft__[0]=AZWrrJ6rkGjpUsLiKlCtwYdxqscdYTjvRFt-R3tmGHvfqryYj5rSj0FMhSKltKv7GyrrVn3VE1kKSdZ1j1JTmGOYkgEXtrccEE3oVKQ8RrA3O3tM3MijJ4YrOSBUPs07aHAl6asq54l4kaomQK5x_h6Orv_-GBaDjGibDyMnpKojwqtgBj0TNEIWSBWnZL9HjAg&amp;__tn__=%2CO%2CP-R\"><img decoding=\"async\" loading=\"lazy\" class=\"alignnone wp-image-13568 size-medium\" title=\"Ver video en Facebook\" src=\"https:\/\/gobernacionaltaverapaz.gob.gt\/wp-content\/uploads\/2022\/09\/0-8-300x200.jpg\" alt=\"\" width=\"300\" height=\"200\" srcset=\"https:\/\/gobernacionaltaverapaz.gob.gt\/wp-content\/uploads\/2022\/09\/0-8-300x200.jpg 300w, https:\/\/gobernacionaltaverapaz.gob.gt\/wp-content\/uploads\/2022\/09\/0-8-768x512.jpg 768w, https:\/\/gobernacionaltaverapaz.gob.gt\/wp-content\/uploads\/2022\/09\/0-8.jpg 900w\" sizes=\"(max-width: 300px) 100vw, 300px\" \/><\/a><\/div>\n<div dir=\"auto\">\n<div>\n<\/div>\n<\/div>\n<div><\/div>\n<div><\/div>\n<div dir=\"auto\"><\/div>\n<p>&nbsp;<\/p>\n","protected":false},"excerpt":{"rendered":"<p>Con la finalidad de resaltar los valores culturales de departamento, el d\u00eda de ayer domingo 25 de septiembre, se llev\u00f3 a cabo el #IFESTIVAL CULTURAL #M\u00fasica &#8211; #Arte &#8211; #Gastronom\u00eda &#8211; #Cultura, en las instalaciones del Parque Infantil Navidad del Palacio de Gobernaci\u00f3n Departamental. Actividad que fue promovida y dirigida por el Dr. Fernando Rodr\u00edguez [&hellip;]<\/p>\n","protected":false},"author":1,"featured_media":13550,"comment_status":"closed","ping_status":"open","sticky":false,"template":"","format":"video","meta":[],"categories":[2],"tags":[178],"_links":{"self":[{"href":"https:\/\/gobernacionaltaverapaz.gob.gt\/index.php?rest_route=\/wp\/v2\/posts\/13566"}],"collection":[{"href":"https:\/\/gobernacionaltaverapaz.gob.gt\/index.php?rest_route=\/wp\/v2\/posts"}],"about":[{"href":"https:\/\/gobernacionaltaverapaz.gob.gt\/index.php?rest_route=\/wp\/v2\/types\/post"}],"author":[{"embeddable":true,"href":"https:\/\/gobernacionaltaverapaz.gob.gt\/index.php?rest_route=\/wp\/v2\/users\/1"}],"replies":[{"embeddable":true,"href":"https:\/\/gobernacionaltaverapaz.gob.gt\/index.php?rest_route=%2Fwp%2Fv2%2Fcomments&post=13566"}],"version-history":[{"count":1,"href":"https:\/\/gobernacionaltaverapaz.gob.gt\/index.php?rest_route=\/wp\/v2\/posts\/13566\/revisions"}],"predecessor-version":[{"id":13569,"href":"https:\/\/gobernacionaltaverapaz.gob.gt\/index.php?rest_route=\/wp\/v2\/posts\/13566\/revisions\/13569"}],"wp:featuredmedia":[{"embeddable":true,"href":"https:\/\/gobernacionaltaverapaz.gob.gt\/index.php?rest_route=\/wp\/v2\/media\/13550"}],"wp:attachment":[{"href":"https:\/\/gobernacionaltaverapaz.gob.gt\/index.php?rest_route=%2Fwp%2Fv2%2Fmedia&parent=13566"}],"wp:term":[{"taxonomy":"category","embeddable":true,"href":"https:\/\/gobernacionaltaverapaz.gob.gt\/index.php?rest_route=%2Fwp%2Fv2%2Fcategories&post=13566"},{"taxonomy":"post_tag","embeddable":true,"href":"https:\/\/gobernacionaltaverapaz.gob.gt\/index.php?rest_route=%2Fwp%2Fv2%2Ftags&post=13566"}],"curies":[{"name":"wp","href":"https:\/\/api.w.org\/{rel}","templated":true}]}}