{"id":13570,"date":"2022-09-23T17:21:06","date_gmt":"2022-09-23T23:21:06","guid":{"rendered":"https:\/\/gobernacionaltaverapaz.gob.gt\/?p=13570"},"modified":"2022-09-30T16:54:53","modified_gmt":"2022-09-30T22:54:53","slug":"mesa-tcnica-permanente-de-prevencin-de-la-violencia-2","status":"publish","type":"post","link":"https:\/\/gobernacionaltaverapaz.gob.gt\/?p=13570","title":{"rendered":"Mesa T\u00e9cnica Permanente de Prevenci\u00f3n de la Violencia"},"content":{"rendered":"<p style=\"text-align: justify;\"><span class=\"gvxzyvdx aeinzg81 t7p7dqev gh25dzvf exr7barw b6ax4al1 gem102v4 ncib64c9 mrvwc6qr sx8pxkcf f597kf1v cpcgwwas m2nijcs8 hxfwr5lz k1z55t6l oog5qr5w tes86rjd pbevjfx6 ztn2w49o\" dir=\"auto\">Con la finalidad de dar seguimiento a casos de violencia en contra de la mujer en el departamento de alta Verapaz, el Dr. Fernando Rodr\u00edguez Klarck, gobernador departamental convoc\u00f3 a reuni\u00f3n a integrantes de la mesa t\u00e9cnica permanente en prevenci\u00f3n de la violencia siendo estas; Ministerio P\u00fablico de Guatemala, <a class=\"qi72231t nu7423ey n3hqoq4p r86q59rh b3qcqh3k fq87ekyn bdao358l fsf7x5fv rse6dlih s5oniofx m8h3af8h l7ghb35v kjdc1dyq kmwttqpk srn514ro oxkhqvkx rl78xhln nch0832m cr00lzj9 rn8ck1ys s3jn8y49 icdlwmnq cxfqmxzd d1w2l3lo tes86rjd\" tabindex=\"0\" role=\"link\" href=\"https:\/\/www.facebook.com\/secretariasvet?__cft__[0]=AZU_jt8J7CQMJTQeUPgBO98h9A1kYqWf-ggVYEkMxH0tuUnH2tXoyiqrpWaaG9rmdh1a42duoWVOE88ffP9iZrpM2EswL1WICjstdneARUtlQ4SzJxKlGlvVD4lnRCk-Qw7LDxgxBSrjXiXq3ScPrWFUxC8lJYXqBd3dPo8P-yrT6g&amp;__tn__=-]K-R\"><span class=\"rse6dlih\">Secretar\u00eda Contra la Violencia Sexual Explotaci\u00f3n y Trata de Personas SVET<\/span><\/a>, <a class=\"qi72231t nu7423ey n3hqoq4p r86q59rh b3qcqh3k fq87ekyn bdao358l fsf7x5fv rse6dlih s5oniofx m8h3af8h l7ghb35v kjdc1dyq kmwttqpk srn514ro oxkhqvkx rl78xhln nch0832m cr00lzj9 rn8ck1ys s3jn8y49 icdlwmnq cxfqmxzd d1w2l3lo tes86rjd\" tabindex=\"0\" role=\"link\" href=\"https:\/\/www.facebook.com\/SEPREM?__cft__[0]=AZU_jt8J7CQMJTQeUPgBO98h9A1kYqWf-ggVYEkMxH0tuUnH2tXoyiqrpWaaG9rmdh1a42duoWVOE88ffP9iZrpM2EswL1WICjstdneARUtlQ4SzJxKlGlvVD4lnRCk-Qw7LDxgxBSrjXiXq3ScPrWFUxC8lJYXqBd3dPo8P-yrT6g&amp;__tn__=-]K-R\"><span class=\"rse6dlih\">Secretar\u00eda Presidencial de la Mujer, Seprem Guatemala<\/span><\/a>, <a class=\"qi72231t nu7423ey n3hqoq4p r86q59rh b3qcqh3k fq87ekyn bdao358l fsf7x5fv rse6dlih s5oniofx m8h3af8h l7ghb35v kjdc1dyq kmwttqpk srn514ro oxkhqvkx rl78xhln nch0832m cr00lzj9 rn8ck1ys s3jn8y49 icdlwmnq cxfqmxzd d1w2l3lo tes86rjd\" tabindex=\"0\" role=\"link\" href=\"https:\/\/www.facebook.com\/UPCVGuatemala\/?__cft__[0]=AZU_jt8J7CQMJTQeUPgBO98h9A1kYqWf-ggVYEkMxH0tuUnH2tXoyiqrpWaaG9rmdh1a42duoWVOE88ffP9iZrpM2EswL1WICjstdneARUtlQ4SzJxKlGlvVD4lnRCk-Qw7LDxgxBSrjXiXq3ScPrWFUxC8lJYXqBd3dPo8P-yrT6g&amp;__tn__=kK-R\"><span class=\"rse6dlih\">Unidad Para La Prevenci\u00f3n Comunitaria De La Violencia &#8211; UPCV.<\/span><\/a> y <a class=\"qi72231t nu7423ey n3hqoq4p r86q59rh b3qcqh3k fq87ekyn bdao358l fsf7x5fv rse6dlih s5oniofx m8h3af8h l7ghb35v kjdc1dyq kmwttqpk srn514ro oxkhqvkx rl78xhln nch0832m cr00lzj9 rn8ck1ys s3jn8y49 icdlwmnq cxfqmxzd d1w2l3lo tes86rjd\" tabindex=\"0\" role=\"link\" href=\"https:\/\/www.facebook.com\/paginacunor\/?__cft__[0]=AZU_jt8J7CQMJTQeUPgBO98h9A1kYqWf-ggVYEkMxH0tuUnH2tXoyiqrpWaaG9rmdh1a42duoWVOE88ffP9iZrpM2EswL1WICjstdneARUtlQ4SzJxKlGlvVD4lnRCk-Qw7LDxgxBSrjXiXq3ScPrWFUxC8lJYXqBd3dPo8P-yrT6g&amp;__tn__=kK-R\"><span class=\"rse6dlih\">Centro Universitario del Norte<\/span><\/a>. En la reuni\u00f3n sostenida se abordaron las l\u00edneas de acci\u00f3n pertinentes para la atenci\u00f3n de casos de violencia que ya cuentan con denuncia ante el Ministerio P\u00fablico, as\u00ed mismo consolidar estrategias para la prevenci\u00f3n de este flagelo.<\/span><\/p>\n<p>&nbsp;<\/p>\n<div><\/div>\n<p>&nbsp;<\/p>\n<div><\/div>\n","protected":false},"excerpt":{"rendered":"<p>Con la finalidad de dar seguimiento a casos de violencia en contra de la mujer en el departamento de alta Verapaz, el Dr. Fernando Rodr\u00edguez Klarck, gobernador departamental convoc\u00f3 a reuni\u00f3n a integrantes de la mesa t\u00e9cnica permanente en prevenci\u00f3n de la violencia siendo estas; Ministerio P\u00fablico de Guatemala, Secretar\u00eda Contra la Violencia Sexual Explotaci\u00f3n [&hellip;]<\/p>\n","protected":false},"author":1,"featured_media":13572,"comment_status":"closed","ping_status":"open","sticky":false,"template":"","format":"gallery","meta":[],"categories":[194],"tags":[178],"_links":{"self":[{"href":"https:\/\/gobernacionaltaverapaz.gob.gt\/index.php?rest_route=\/wp\/v2\/posts\/13570"}],"collection":[{"href":"https:\/\/gobernacionaltaverapaz.gob.gt\/index.php?rest_route=\/wp\/v2\/posts"}],"about":[{"href":"https:\/\/gobernacionaltaverapaz.gob.gt\/index.php?rest_route=\/wp\/v2\/types\/post"}],"author":[{"embeddable":true,"href":"https:\/\/gobernacionaltaverapaz.gob.gt\/index.php?rest_route=\/wp\/v2\/users\/1"}],"replies":[{"embeddable":true,"href":"https:\/\/gobernacionaltaverapaz.gob.gt\/index.php?rest_route=%2Fwp%2Fv2%2Fcomments&post=13570"}],"version-history":[{"count":3,"href":"https:\/\/gobernacionaltaverapaz.gob.gt\/index.php?rest_route=\/wp\/v2\/posts\/13570\/revisions"}],"predecessor-version":[{"id":13578,"href":"https:\/\/gobernacionaltaverapaz.gob.gt\/index.php?rest_route=\/wp\/v2\/posts\/13570\/revisions\/13578"}],"wp:featuredmedia":[{"embeddable":true,"href":"https:\/\/gobernacionaltaverapaz.gob.gt\/index.php?rest_route=\/wp\/v2\/media\/13572"}],"wp:attachment":[{"href":"https:\/\/gobernacionaltaverapaz.gob.gt\/index.php?rest_route=%2Fwp%2Fv2%2Fmedia&parent=13570"}],"wp:term":[{"taxonomy":"category","embeddable":true,"href":"https:\/\/gobernacionaltaverapaz.gob.gt\/index.php?rest_route=%2Fwp%2Fv2%2Fcategories&post=13570"},{"taxonomy":"post_tag","embeddable":true,"href":"https:\/\/gobernacionaltaverapaz.gob.gt\/index.php?rest_route=%2Fwp%2Fv2%2Ftags&post=13570"}],"curies":[{"name":"wp","href":"https:\/\/api.w.org\/{rel}","templated":true}]}}