{"id":13584,"date":"2022-09-30T12:58:11","date_gmt":"2022-09-30T18:58:11","guid":{"rendered":"https:\/\/gobernacionaltaverapaz.gob.gt\/?p=13584"},"modified":"2022-10-13T09:27:25","modified_gmt":"2022-10-13T15:27:25","slug":"programa-internacional-de-becas-de-educacin-agrcola","status":"publish","type":"post","link":"https:\/\/gobernacionaltaverapaz.gob.gt\/?p=13584","title":{"rendered":"Programa Internacional de Becas de Educaci\u00f3n Agr\u00edcola"},"content":{"rendered":"<p style=\"text-align: justify;\"><span class=\"x193iq5w xeuugli x13faqbe x1vvkbs x1xmvt09 x1lliihq x1s928wv xhkezso x1gmr53x x1cpjm7i x1fgarty x1943h6x xudqn12 x3x7a5m x6prxxf xvq8zen xo1l8bm xzsf02u x1yc453h\" dir=\"auto\">Dr. Fernando Rodr\u00edguez Klarck, gobernador departamental, recibi\u00f3 la visita de representantes de la Asociaci\u00f3n Humanitas Global, quienes tuvieron a bien presentar &#8220;El Programa Internacional de Becas de Educaci\u00f3n Agr\u00edcola&#8221; (IAEEP), para el a\u00f1o 2023, el cual busca apoyar de manera relevante y respetuosa, a estudiantes de Nivel B\u00e1sico, en los municipios de Cob\u00e1n, Santa Cruz y San Juan Chamelco del departamento de Alta Verapaz, procurando generan progreso social, humanitario y ambiental, con iniciativas informadas, integradas y sostenibles que impulsan el progreso econ\u00f3mico en comunidades desatendidas en el departamento. <\/span><\/p>\n<p>&nbsp;<\/p>\n<div><\/div>\n","protected":false},"excerpt":{"rendered":"<p>Dr. Fernando Rodr\u00edguez Klarck, gobernador departamental, recibi\u00f3 la visita de representantes de la Asociaci\u00f3n Humanitas Global, quienes tuvieron a bien presentar &#8220;El Programa Internacional de Becas de Educaci\u00f3n Agr\u00edcola&#8221; (IAEEP), para el a\u00f1o 2023, el cual busca apoyar de manera relevante y respetuosa, a estudiantes de Nivel B\u00e1sico, en los municipios de Cob\u00e1n, Santa Cruz [&hellip;]<\/p>\n","protected":false},"author":1,"featured_media":13580,"comment_status":"closed","ping_status":"open","sticky":false,"template":"","format":"gallery","meta":[],"categories":[194],"tags":[178],"_links":{"self":[{"href":"https:\/\/gobernacionaltaverapaz.gob.gt\/index.php?rest_route=\/wp\/v2\/posts\/13584"}],"collection":[{"href":"https:\/\/gobernacionaltaverapaz.gob.gt\/index.php?rest_route=\/wp\/v2\/posts"}],"about":[{"href":"https:\/\/gobernacionaltaverapaz.gob.gt\/index.php?rest_route=\/wp\/v2\/types\/post"}],"author":[{"embeddable":true,"href":"https:\/\/gobernacionaltaverapaz.gob.gt\/index.php?rest_route=\/wp\/v2\/users\/1"}],"replies":[{"embeddable":true,"href":"https:\/\/gobernacionaltaverapaz.gob.gt\/index.php?rest_route=%2Fwp%2Fv2%2Fcomments&post=13584"}],"version-history":[{"count":1,"href":"https:\/\/gobernacionaltaverapaz.gob.gt\/index.php?rest_route=\/wp\/v2\/posts\/13584\/revisions"}],"predecessor-version":[{"id":13585,"href":"https:\/\/gobernacionaltaverapaz.gob.gt\/index.php?rest_route=\/wp\/v2\/posts\/13584\/revisions\/13585"}],"wp:featuredmedia":[{"embeddable":true,"href":"https:\/\/gobernacionaltaverapaz.gob.gt\/index.php?rest_route=\/wp\/v2\/media\/13580"}],"wp:attachment":[{"href":"https:\/\/gobernacionaltaverapaz.gob.gt\/index.php?rest_route=%2Fwp%2Fv2%2Fmedia&parent=13584"}],"wp:term":[{"taxonomy":"category","embeddable":true,"href":"https:\/\/gobernacionaltaverapaz.gob.gt\/index.php?rest_route=%2Fwp%2Fv2%2Fcategories&post=13584"},{"taxonomy":"post_tag","embeddable":true,"href":"https:\/\/gobernacionaltaverapaz.gob.gt\/index.php?rest_route=%2Fwp%2Fv2%2Ftags&post=13584"}],"curies":[{"name":"wp","href":"https:\/\/api.w.org\/{rel}","templated":true}]}}