{"id":13590,"date":"2022-09-30T13:43:24","date_gmt":"2022-09-30T19:43:24","guid":{"rendered":"https:\/\/gobernacionaltaverapaz.gob.gt\/?p=13590"},"modified":"2022-10-13T09:37:41","modified_gmt":"2022-10-13T15:37:41","slug":"sesin-ordinaria-del-codede","status":"publish","type":"post","link":"https:\/\/gobernacionaltaverapaz.gob.gt\/?p=13590","title":{"rendered":"Sesi\u00f3n Ordinaria del CODEDE"},"content":{"rendered":"<div class=\"xdj266r x11i5rnm xat24cr x1mh8g0r x1vvkbs x126k92a\">\n<div dir=\"auto\" style=\"text-align: justify;\">El Dr. Fernando Rodr\u00edguez Klarck, Gobernador de Alta Verapaz, presidi\u00f3 sesi\u00f3n Ordinaria del <a class=\"x1i10hfl xjbqb8w x6umtig x1b1mbwd xaqea5y xav7gou x9f619 x1ypdohk xt0psk2 xe8uvvx xdj266r x11i5rnm xat24cr x1mh8g0r xexx8yu x4uap5 x18d9i69 xkhd6sd x16tdsg8 x1hl2dhg xggy1nq x1a2a7pz xt0b8zv x1qq9wsj xo1l8bm\" tabindex=\"0\" role=\"link\" href=\"https:\/\/www.facebook.com\/codede.av.7?__cft__[0]=AZUUCle0dWokilvNd5lGEIag1xKvUhP9YxHetfrHirhe8XMDIVqiSeK4exeDplw4ToeBtaabnFnZazBsqNP1J31Fv7k9bNYkZI4WzGYrZswVLxfNYzqKNJUjvPrcaIw0vQKBnzoDU1EGFR3UL7CoU2CIArI-bqDXWytjG_9m4rdVlpfpsWYeUDUzvuQ4NTOr_g4&amp;__tn__=-]K-R\"><span class=\"xt0psk2\">Codede AV<\/span><\/a>, en compa\u00f1\u00eda de la Lcda. Romelia cal, secretaria de este consejo, Lcda. \u00c1ngela Alvarado Ten\u00ed Directora Ejecutiva del Consejo Departamental de Desarrollo, alcaldes municipales e Instituciones gubernamentales y no gubernamentales.<\/div>\n<\/div>\n<div class=\"x11i5rnm xat24cr x1mh8g0r x1vvkbs xtlvy1s x126k92a\" style=\"text-align: justify;\">\n<div dir=\"auto\">Con la finalidad de:<\/div>\n<\/div>\n<div class=\"x11i5rnm xat24cr x1mh8g0r x1vvkbs xtlvy1s x126k92a\" style=\"text-align: justify;\">\n<div dir=\"auto\">Presentar el informe del \u201cEncuentro Cooperaci\u00f3n y Alianzas para el Desarrollo, Alta Verapaz, celebrado el pasado 21 de septiembre del a\u00f1o en curso, en donde se dieron a conocer los resultados de un primer mapeo y la priorizaci\u00f3n de sectores que atiende la cooperaci\u00f3n en el territorio.<\/div>\n<\/div>\n<div class=\"x11i5rnm xat24cr x1mh8g0r x1vvkbs xtlvy1s x126k92a\" style=\"text-align: justify;\">\n<div dir=\"auto\">Socializar el Informe de Avances F\u00edsicos y Financieros de Proyectos 2022 IVA PAZ.<\/div>\n<\/div>\n<div class=\"x11i5rnm xat24cr x1mh8g0r x1vvkbs xtlvy1s x126k92a\" style=\"text-align: justify;\">\n<div dir=\"auto\">Exponer el Informe de Proyectos 2023, resaltando que de noventa y cuatro proyectos programados para el ejercicio fiscal 2023, diez han sido aprobados y diecinueve se encuentran en revisi\u00f3n.<\/div>\n<\/div>\n<div class=\"x11i5rnm xat24cr x1mh8g0r x1vvkbs xtlvy1s x126k92a\">\n<div dir=\"auto\" style=\"text-align: justify;\">Socializar el Informe de la Brecha de Necesidades de Infraestructura de Salud en Alta Verapaz.<\/div>\n<\/div>\n<div dir=\"auto\"><\/div>\n<div dir=\"auto\">\n<div><\/div>\n<\/div>\n<div dir=\"auto\"><\/div>\n<div dir=\"auto\"><\/div>\n<p>&nbsp;<\/p>\n","protected":false},"excerpt":{"rendered":"<p>El Dr. Fernando Rodr\u00edguez Klarck, Gobernador de Alta Verapaz, presidi\u00f3 sesi\u00f3n Ordinaria del Codede AV, en compa\u00f1\u00eda de la Lcda. Romelia cal, secretaria de este consejo, Lcda. \u00c1ngela Alvarado Ten\u00ed Directora Ejecutiva del Consejo Departamental de Desarrollo, alcaldes municipales e Instituciones gubernamentales y no gubernamentales. Con la finalidad de: Presentar el informe del \u201cEncuentro Cooperaci\u00f3n [&hellip;]<\/p>\n","protected":false},"author":1,"featured_media":13587,"comment_status":"closed","ping_status":"open","sticky":false,"template":"","format":"gallery","meta":[],"categories":[194],"tags":[178],"_links":{"self":[{"href":"https:\/\/gobernacionaltaverapaz.gob.gt\/index.php?rest_route=\/wp\/v2\/posts\/13590"}],"collection":[{"href":"https:\/\/gobernacionaltaverapaz.gob.gt\/index.php?rest_route=\/wp\/v2\/posts"}],"about":[{"href":"https:\/\/gobernacionaltaverapaz.gob.gt\/index.php?rest_route=\/wp\/v2\/types\/post"}],"author":[{"embeddable":true,"href":"https:\/\/gobernacionaltaverapaz.gob.gt\/index.php?rest_route=\/wp\/v2\/users\/1"}],"replies":[{"embeddable":true,"href":"https:\/\/gobernacionaltaverapaz.gob.gt\/index.php?rest_route=%2Fwp%2Fv2%2Fcomments&post=13590"}],"version-history":[{"count":1,"href":"https:\/\/gobernacionaltaverapaz.gob.gt\/index.php?rest_route=\/wp\/v2\/posts\/13590\/revisions"}],"predecessor-version":[{"id":13591,"href":"https:\/\/gobernacionaltaverapaz.gob.gt\/index.php?rest_route=\/wp\/v2\/posts\/13590\/revisions\/13591"}],"wp:featuredmedia":[{"embeddable":true,"href":"https:\/\/gobernacionaltaverapaz.gob.gt\/index.php?rest_route=\/wp\/v2\/media\/13587"}],"wp:attachment":[{"href":"https:\/\/gobernacionaltaverapaz.gob.gt\/index.php?rest_route=%2Fwp%2Fv2%2Fmedia&parent=13590"}],"wp:term":[{"taxonomy":"category","embeddable":true,"href":"https:\/\/gobernacionaltaverapaz.gob.gt\/index.php?rest_route=%2Fwp%2Fv2%2Fcategories&post=13590"},{"taxonomy":"post_tag","embeddable":true,"href":"https:\/\/gobernacionaltaverapaz.gob.gt\/index.php?rest_route=%2Fwp%2Fv2%2Ftags&post=13590"}],"curies":[{"name":"wp","href":"https:\/\/api.w.org\/{rel}","templated":true}]}}