{"id":13596,"date":"2022-09-30T21:50:42","date_gmt":"2022-10-01T03:50:42","guid":{"rendered":"https:\/\/gobernacionaltaverapaz.gob.gt\/?p=13596"},"modified":"2022-10-13T09:48:27","modified_gmt":"2022-10-13T15:48:27","slug":"concierto-de-la-banda-sinfnica-militar","status":"publish","type":"post","link":"https:\/\/gobernacionaltaverapaz.gob.gt\/?p=13596","title":{"rendered":"Concierto de la Banda Sinf\u00f3nica Militar"},"content":{"rendered":"<p style=\"text-align: justify;\"><span class=\"x193iq5w xeuugli x13faqbe x1vvkbs x1xmvt09 x1lliihq x1s928wv xhkezso x1gmr53x x1cpjm7i x1fgarty x1943h6x xudqn12 x3x7a5m x6prxxf xvq8zen xo1l8bm xzsf02u x1yc453h\" dir=\"auto\">Dr. Fernando Klarck, Gobernador de Alta Verapaz, particip\u00f3 en el Concierto de la Banda Sinf\u00f3nica Militar, en las instalaciones de la Iglesia Catedral de esta jurisdicci\u00f3n, en el marco del d\u00e9cimo octavo aniversario del Comando Regional de Entrenamiento de Operaciones de Mantenimiento de Paz (Creompaz).<\/span><\/p>\n<p>&nbsp;<\/p>\n<div><\/div>\n","protected":false},"excerpt":{"rendered":"<p>Dr. Fernando Klarck, Gobernador de Alta Verapaz, particip\u00f3 en el Concierto de la Banda Sinf\u00f3nica Militar, en las instalaciones de la Iglesia Catedral de esta jurisdicci\u00f3n, en el marco del d\u00e9cimo octavo aniversario del Comando Regional de Entrenamiento de Operaciones de Mantenimiento de Paz (Creompaz). &nbsp;<\/p>\n","protected":false},"author":1,"featured_media":13593,"comment_status":"closed","ping_status":"open","sticky":false,"template":"","format":"gallery","meta":[],"categories":[183],"tags":[178],"_links":{"self":[{"href":"https:\/\/gobernacionaltaverapaz.gob.gt\/index.php?rest_route=\/wp\/v2\/posts\/13596"}],"collection":[{"href":"https:\/\/gobernacionaltaverapaz.gob.gt\/index.php?rest_route=\/wp\/v2\/posts"}],"about":[{"href":"https:\/\/gobernacionaltaverapaz.gob.gt\/index.php?rest_route=\/wp\/v2\/types\/post"}],"author":[{"embeddable":true,"href":"https:\/\/gobernacionaltaverapaz.gob.gt\/index.php?rest_route=\/wp\/v2\/users\/1"}],"replies":[{"embeddable":true,"href":"https:\/\/gobernacionaltaverapaz.gob.gt\/index.php?rest_route=%2Fwp%2Fv2%2Fcomments&post=13596"}],"version-history":[{"count":1,"href":"https:\/\/gobernacionaltaverapaz.gob.gt\/index.php?rest_route=\/wp\/v2\/posts\/13596\/revisions"}],"predecessor-version":[{"id":13597,"href":"https:\/\/gobernacionaltaverapaz.gob.gt\/index.php?rest_route=\/wp\/v2\/posts\/13596\/revisions\/13597"}],"wp:featuredmedia":[{"embeddable":true,"href":"https:\/\/gobernacionaltaverapaz.gob.gt\/index.php?rest_route=\/wp\/v2\/media\/13593"}],"wp:attachment":[{"href":"https:\/\/gobernacionaltaverapaz.gob.gt\/index.php?rest_route=%2Fwp%2Fv2%2Fmedia&parent=13596"}],"wp:term":[{"taxonomy":"category","embeddable":true,"href":"https:\/\/gobernacionaltaverapaz.gob.gt\/index.php?rest_route=%2Fwp%2Fv2%2Fcategories&post=13596"},{"taxonomy":"post_tag","embeddable":true,"href":"https:\/\/gobernacionaltaverapaz.gob.gt\/index.php?rest_route=%2Fwp%2Fv2%2Ftags&post=13596"}],"curies":[{"name":"wp","href":"https:\/\/api.w.org\/{rel}","templated":true}]}}