{"id":13606,"date":"2022-10-03T14:35:45","date_gmt":"2022-10-03T20:35:45","guid":{"rendered":"https:\/\/gobernacionaltaverapaz.gob.gt\/?p=13606"},"modified":"2022-10-13T10:04:47","modified_gmt":"2022-10-13T16:04:47","slug":"convocatoria-realizada-por-el-ministerio-de-gobernacin","status":"publish","type":"post","link":"https:\/\/gobernacionaltaverapaz.gob.gt\/?p=13606","title":{"rendered":"Convocatoria realizada por el Ministerio de Gobernaci\u00f3n"},"content":{"rendered":"<div class=\"xdj266r x11i5rnm xat24cr x1mh8g0r x1vvkbs x126k92a\">\n<div dir=\"auto\" style=\"text-align: justify;\">En el municipio de Cob\u00e1n departamento de Alta Verapaz, siendo las once horas en punto del d\u00eda lunes tres de octubre de dos mil veintid\u00f3s, reunidos en el sal\u00f3n de las Am\u00e9ricas de Gobernaci\u00f3n Departamental, Dr. Fernando Rodr\u00edguez Klarck, en compa\u00f1\u00eda del Lic. Jorge David \u00c1lvarez Coronado, en representaci\u00f3n del <a class=\"x1i10hfl xjbqb8w x6umtig x1b1mbwd xaqea5y xav7gou x9f619 x1ypdohk xt0psk2 xe8uvvx xdj266r x11i5rnm xat24cr x1mh8g0r xexx8yu x4uap5 x18d9i69 xkhd6sd x16tdsg8 x1hl2dhg xggy1nq x1a2a7pz xt0b8zv x1qq9wsj xo1l8bm\" tabindex=\"0\" role=\"link\" href=\"https:\/\/www.facebook.com\/mingobguate?__cft__[0]=AZXNo5j3fdY6M4Hw1CHQ_l_05UGEz4Rc8gRDnCdGbpzasWEwMsWuCe6yW5ue1CEOklJVPGVLsiRN-GrgFg-pzjcNNhTCHAI-BYTpCmUPMINrLppQxwwXijVIvp8sBbNpmqdjpsXy-UEBmAb4giNCzDRPPQ42i4Z8su9ZXgA4h3qEVTa8gSzF0Ppw8lnI_pfqV7A&amp;__tn__=-]K-R\"><span class=\"xt0psk2\">Ministerio de Gobernaci\u00f3n Guatemala<\/span><\/a>. En atenci\u00f3n a la Convocatoria realizada por el Ministerio de Gobernaci\u00f3n de la elecci\u00f3n de un representante titular y un suplente de las Organizaciones no Gubernamentales de Desarrollo ante el Consejo Departamental por un periodo de dos a\u00f1os.<\/div>\n<\/div>\n<div class=\"x11i5rnm xat24cr x1mh8g0r x1vvkbs xtlvy1s x126k92a\">\n<div dir=\"auto\" style=\"text-align: justify;\">Se da inicio al acto descrito en la fecha se\u00f1alada en la convocatoria respectiva, pero por falta de qu\u00f3rum, el acto no se lleva a cabo, por lo cual se realizar\u00e1 una nueva convocatoria, para los efectos respectivos, como lo establece el art\u00edculo 4 del punto resolutivo 7-2022 del Consejo Nacional de Desarrollo Urbano y Rural.<\/div>\n<\/div>\n<div dir=\"auto\"><\/div>\n<div dir=\"auto\"><\/div>\n<div dir=\"auto\"><\/div>\n<div dir=\"auto\"><\/div>\n<div dir=\"auto\">\n<div><\/div>\n<\/div>\n<p>&nbsp;<\/p>\n","protected":false},"excerpt":{"rendered":"<p>En el municipio de Cob\u00e1n departamento de Alta Verapaz, siendo las once horas en punto del d\u00eda lunes tres de octubre de dos mil veintid\u00f3s, reunidos en el sal\u00f3n de las Am\u00e9ricas de Gobernaci\u00f3n Departamental, Dr. Fernando Rodr\u00edguez Klarck, en compa\u00f1\u00eda del Lic. Jorge David \u00c1lvarez Coronado, en representaci\u00f3n del Ministerio de Gobernaci\u00f3n Guatemala. En [&hellip;]<\/p>\n","protected":false},"author":1,"featured_media":13603,"comment_status":"closed","ping_status":"open","sticky":false,"template":"","format":"gallery","meta":[],"categories":[194],"tags":[178],"_links":{"self":[{"href":"https:\/\/gobernacionaltaverapaz.gob.gt\/index.php?rest_route=\/wp\/v2\/posts\/13606"}],"collection":[{"href":"https:\/\/gobernacionaltaverapaz.gob.gt\/index.php?rest_route=\/wp\/v2\/posts"}],"about":[{"href":"https:\/\/gobernacionaltaverapaz.gob.gt\/index.php?rest_route=\/wp\/v2\/types\/post"}],"author":[{"embeddable":true,"href":"https:\/\/gobernacionaltaverapaz.gob.gt\/index.php?rest_route=\/wp\/v2\/users\/1"}],"replies":[{"embeddable":true,"href":"https:\/\/gobernacionaltaverapaz.gob.gt\/index.php?rest_route=%2Fwp%2Fv2%2Fcomments&post=13606"}],"version-history":[{"count":1,"href":"https:\/\/gobernacionaltaverapaz.gob.gt\/index.php?rest_route=\/wp\/v2\/posts\/13606\/revisions"}],"predecessor-version":[{"id":13607,"href":"https:\/\/gobernacionaltaverapaz.gob.gt\/index.php?rest_route=\/wp\/v2\/posts\/13606\/revisions\/13607"}],"wp:featuredmedia":[{"embeddable":true,"href":"https:\/\/gobernacionaltaverapaz.gob.gt\/index.php?rest_route=\/wp\/v2\/media\/13603"}],"wp:attachment":[{"href":"https:\/\/gobernacionaltaverapaz.gob.gt\/index.php?rest_route=%2Fwp%2Fv2%2Fmedia&parent=13606"}],"wp:term":[{"taxonomy":"category","embeddable":true,"href":"https:\/\/gobernacionaltaverapaz.gob.gt\/index.php?rest_route=%2Fwp%2Fv2%2Fcategories&post=13606"},{"taxonomy":"post_tag","embeddable":true,"href":"https:\/\/gobernacionaltaverapaz.gob.gt\/index.php?rest_route=%2Fwp%2Fv2%2Ftags&post=13606"}],"curies":[{"name":"wp","href":"https:\/\/api.w.org\/{rel}","templated":true}]}}