{"id":13615,"date":"2022-10-03T15:01:58","date_gmt":"2022-10-03T21:01:58","guid":{"rendered":"https:\/\/gobernacionaltaverapaz.gob.gt\/?p=13615"},"modified":"2022-10-13T10:29:37","modified_gmt":"2022-10-13T16:29:37","slug":"reunin-con-autoridades-indgenas-ancestrales-del-municipio-de-chisec","status":"publish","type":"post","link":"https:\/\/gobernacionaltaverapaz.gob.gt\/?p=13615","title":{"rendered":"Reuni\u00f3n con autoridades Ind\u00edgenas Ancestrales del municipio de Chisec"},"content":{"rendered":"<p style=\"text-align: justify;\"><span class=\"x193iq5w xeuugli x13faqbe x1vvkbs x1xmvt09 x1lliihq x1s928wv xhkezso x1gmr53x x1cpjm7i x1fgarty x1943h6x xudqn12 x3x7a5m x6prxxf xvq8zen xo1l8bm xzsf02u x1yc453h\" dir=\"auto\">Dr. Fernando Rodr\u00edguez Klarck, Gobernador de Alta Verapaz, sostuvo reuni\u00f3n con autoridades Ind\u00edgenas Ancestrales del municipio de Chisec, Alta Verapaz y representantes de COCODES de segundo nivel, con el objetivo familiarizar informaci\u00f3n que mejore la seguridad ciudadana de este territorio, as\u00ed mismo fomente el trabajo de forma continua y paulatinamente en pro de la poblaci\u00f3n ind\u00edgena del \u00e1rea urbana y rural.<\/span><\/p>\n<p>&nbsp;<\/p>\n<div><\/div>\n","protected":false},"excerpt":{"rendered":"<p>Dr. Fernando Rodr\u00edguez Klarck, Gobernador de Alta Verapaz, sostuvo reuni\u00f3n con autoridades Ind\u00edgenas Ancestrales del municipio de Chisec, Alta Verapaz y representantes de COCODES de segundo nivel, con el objetivo familiarizar informaci\u00f3n que mejore la seguridad ciudadana de este territorio, as\u00ed mismo fomente el trabajo de forma continua y paulatinamente en pro de la poblaci\u00f3n [&hellip;]<\/p>\n","protected":false},"author":1,"featured_media":13612,"comment_status":"closed","ping_status":"open","sticky":false,"template":"","format":"gallery","meta":[],"categories":[194],"tags":[178],"_links":{"self":[{"href":"https:\/\/gobernacionaltaverapaz.gob.gt\/index.php?rest_route=\/wp\/v2\/posts\/13615"}],"collection":[{"href":"https:\/\/gobernacionaltaverapaz.gob.gt\/index.php?rest_route=\/wp\/v2\/posts"}],"about":[{"href":"https:\/\/gobernacionaltaverapaz.gob.gt\/index.php?rest_route=\/wp\/v2\/types\/post"}],"author":[{"embeddable":true,"href":"https:\/\/gobernacionaltaverapaz.gob.gt\/index.php?rest_route=\/wp\/v2\/users\/1"}],"replies":[{"embeddable":true,"href":"https:\/\/gobernacionaltaverapaz.gob.gt\/index.php?rest_route=%2Fwp%2Fv2%2Fcomments&post=13615"}],"version-history":[{"count":1,"href":"https:\/\/gobernacionaltaverapaz.gob.gt\/index.php?rest_route=\/wp\/v2\/posts\/13615\/revisions"}],"predecessor-version":[{"id":13616,"href":"https:\/\/gobernacionaltaverapaz.gob.gt\/index.php?rest_route=\/wp\/v2\/posts\/13615\/revisions\/13616"}],"wp:featuredmedia":[{"embeddable":true,"href":"https:\/\/gobernacionaltaverapaz.gob.gt\/index.php?rest_route=\/wp\/v2\/media\/13612"}],"wp:attachment":[{"href":"https:\/\/gobernacionaltaverapaz.gob.gt\/index.php?rest_route=%2Fwp%2Fv2%2Fmedia&parent=13615"}],"wp:term":[{"taxonomy":"category","embeddable":true,"href":"https:\/\/gobernacionaltaverapaz.gob.gt\/index.php?rest_route=%2Fwp%2Fv2%2Fcategories&post=13615"},{"taxonomy":"post_tag","embeddable":true,"href":"https:\/\/gobernacionaltaverapaz.gob.gt\/index.php?rest_route=%2Fwp%2Fv2%2Ftags&post=13615"}],"curies":[{"name":"wp","href":"https:\/\/api.w.org\/{rel}","templated":true}]}}