{"id":13621,"date":"2022-10-05T11:54:34","date_gmt":"2022-10-05T17:54:34","guid":{"rendered":"https:\/\/gobernacionaltaverapaz.gob.gt\/?p=13621"},"modified":"2022-10-13T10:54:02","modified_gmt":"2022-10-13T16:54:02","slug":"taller-de-anlisis-del-contexto-de-la-cuenca-hidrogrfica-lago-de-izabal-rio-dulce","status":"publish","type":"post","link":"https:\/\/gobernacionaltaverapaz.gob.gt\/?p=13621","title":{"rendered":"Taller de An\u00e1lisis del contexto de la cuenca Hidrogr\u00e1fica Lago de Izabal- Rio Dulce"},"content":{"rendered":"<p style=\"text-align: justify;\"><span class=\"x193iq5w xeuugli x13faqbe x1vvkbs x1xmvt09 x1lliihq x1s928wv xhkezso x1gmr53x x1cpjm7i x1fgarty x1943h6x xudqn12 x3x7a5m x6prxxf xvq8zen xo1l8bm xzsf02u x1yc453h\" dir=\"auto\">Dr. Fernando Rodr\u00edguez Klarck, Gobernador de Alta Verapaz, en compa\u00f1\u00eda del Lic. Jared Mathew Gobernador de Baja Verapaz y la Delegaci\u00f3n Departamental del Ministerio de Ambiente y Recursos Naturales, en coordinaci\u00f3n con el Viceministerio de del Agua y AMASURLI, llevaron a cabo el Taller de An\u00e1lisis del contexto de la cuenca Hidrogr\u00e1fica Lago de Izabal- Rio Dulce, su situaci\u00f3n ambiental y recursos naturales. <\/span><\/p>\n<p>&nbsp;<\/p>\n<p>&nbsp;<\/p>\n<div><\/div>\n","protected":false},"excerpt":{"rendered":"<p>Dr. Fernando Rodr\u00edguez Klarck, Gobernador de Alta Verapaz, en compa\u00f1\u00eda del Lic. Jared Mathew Gobernador de Baja Verapaz y la Delegaci\u00f3n Departamental del Ministerio de Ambiente y Recursos Naturales, en coordinaci\u00f3n con el Viceministerio de del Agua y AMASURLI, llevaron a cabo el Taller de An\u00e1lisis del contexto de la cuenca Hidrogr\u00e1fica Lago de Izabal- [&hellip;]<\/p>\n","protected":false},"author":1,"featured_media":13617,"comment_status":"closed","ping_status":"open","sticky":false,"template":"","format":"gallery","meta":[],"categories":[194],"tags":[178],"_links":{"self":[{"href":"https:\/\/gobernacionaltaverapaz.gob.gt\/index.php?rest_route=\/wp\/v2\/posts\/13621"}],"collection":[{"href":"https:\/\/gobernacionaltaverapaz.gob.gt\/index.php?rest_route=\/wp\/v2\/posts"}],"about":[{"href":"https:\/\/gobernacionaltaverapaz.gob.gt\/index.php?rest_route=\/wp\/v2\/types\/post"}],"author":[{"embeddable":true,"href":"https:\/\/gobernacionaltaverapaz.gob.gt\/index.php?rest_route=\/wp\/v2\/users\/1"}],"replies":[{"embeddable":true,"href":"https:\/\/gobernacionaltaverapaz.gob.gt\/index.php?rest_route=%2Fwp%2Fv2%2Fcomments&post=13621"}],"version-history":[{"count":1,"href":"https:\/\/gobernacionaltaverapaz.gob.gt\/index.php?rest_route=\/wp\/v2\/posts\/13621\/revisions"}],"predecessor-version":[{"id":13622,"href":"https:\/\/gobernacionaltaverapaz.gob.gt\/index.php?rest_route=\/wp\/v2\/posts\/13621\/revisions\/13622"}],"wp:featuredmedia":[{"embeddable":true,"href":"https:\/\/gobernacionaltaverapaz.gob.gt\/index.php?rest_route=\/wp\/v2\/media\/13617"}],"wp:attachment":[{"href":"https:\/\/gobernacionaltaverapaz.gob.gt\/index.php?rest_route=%2Fwp%2Fv2%2Fmedia&parent=13621"}],"wp:term":[{"taxonomy":"category","embeddable":true,"href":"https:\/\/gobernacionaltaverapaz.gob.gt\/index.php?rest_route=%2Fwp%2Fv2%2Fcategories&post=13621"},{"taxonomy":"post_tag","embeddable":true,"href":"https:\/\/gobernacionaltaverapaz.gob.gt\/index.php?rest_route=%2Fwp%2Fv2%2Ftags&post=13621"}],"curies":[{"name":"wp","href":"https:\/\/api.w.org\/{rel}","templated":true}]}}