{"id":13626,"date":"2022-10-05T12:54:36","date_gmt":"2022-10-05T18:54:36","guid":{"rendered":"https:\/\/gobernacionaltaverapaz.gob.gt\/?p=13626"},"modified":"2023-07-26T09:50:28","modified_gmt":"2023-07-26T15:50:28","slug":"primer-festival-cultural-msica-arte-gastronoma-cultura-2","status":"publish","type":"post","link":"https:\/\/gobernacionaltaverapaz.gob.gt\/?p=13626","title":{"rendered":"Entrega de reconocimiento"},"content":{"rendered":"<div class=\"xdj266r x11i5rnm xat24cr x1mh8g0r x1vvkbs x126k92a\">\n<div dir=\"auto\" style=\"text-align: justify;\">\n<p>Con la finalidad de destacar el valor cultural del departamento, el d\u00eda de hoy 5 de octubre, en el despacho del Sr. Gobernador de Alta Verapaz Dr. Fernando Rodr\u00edguez Klarck, se llev\u00f3 a cabo la entrega de reconocimiento a:<\/p>\n<\/div>\n<\/div>\n<div class=\"x11i5rnm xat24cr x1mh8g0r x1vvkbs xtlvy1s x126k92a\">\n<div dir=\"auto\" style=\"text-align: justify;\">Licda. Hilma Lupercia Ruiz de Gamboa, Escritora Altaverapacense.<br \/>\nSr. Fidel Augusto Ponce Gonzales, Impulsor de cultura en el departamento.<\/p>\n<\/div>\n<div dir=\"auto\" style=\"text-align: justify;\">Como parte del seguimiento al I FESTIVAL CULTURAL <a class=\"x1i10hfl xjbqb8w x6umtig x1b1mbwd xaqea5y xav7gou x9f619 x1ypdohk xt0psk2 xe8uvvx xdj266r x11i5rnm xat24cr x1mh8g0r xexx8yu x4uap5 x18d9i69 xkhd6sd x16tdsg8 x1hl2dhg xggy1nq x1a2a7pz xt0b8zv x1qq9wsj xo1l8bm\" tabindex=\"0\" role=\"link\" href=\"https:\/\/www.facebook.com\/hashtag\/mu%CC%81sica?__eep__=6&amp;__cft__[0]=AZVoxqEiBvAbcFNU_WCcHPRokNHPXuaFLwfCMmbcckn44eMvHvdPIU4glldKmWbE0hKiST4i33h1dUHn08eIRjy02tTiz_iRuyrzb7Yq4i7RMu1pFnkJzSR7VDmVJEp2WNSfK8XX_cXxwBIm6MZOVrdkl410yNj-TnGOG-OISgOYLNrhDPeq2sdFhhfmwWxLohk&amp;__tn__=*NK-R\">#mu\u0301sica<\/a> &#8211; <a class=\"x1i10hfl xjbqb8w x6umtig x1b1mbwd xaqea5y xav7gou x9f619 x1ypdohk xt0psk2 xe8uvvx xdj266r x11i5rnm xat24cr x1mh8g0r xexx8yu x4uap5 x18d9i69 xkhd6sd x16tdsg8 x1hl2dhg xggy1nq x1a2a7pz xt0b8zv x1qq9wsj xo1l8bm\" tabindex=\"0\" role=\"link\" href=\"https:\/\/www.facebook.com\/hashtag\/arte?__eep__=6&amp;__cft__[0]=AZVoxqEiBvAbcFNU_WCcHPRokNHPXuaFLwfCMmbcckn44eMvHvdPIU4glldKmWbE0hKiST4i33h1dUHn08eIRjy02tTiz_iRuyrzb7Yq4i7RMu1pFnkJzSR7VDmVJEp2WNSfK8XX_cXxwBIm6MZOVrdkl410yNj-TnGOG-OISgOYLNrhDPeq2sdFhhfmwWxLohk&amp;__tn__=*NK-R\">#arte<\/a> &#8211; <a class=\"x1i10hfl xjbqb8w x6umtig x1b1mbwd xaqea5y xav7gou x9f619 x1ypdohk xt0psk2 xe8uvvx xdj266r x11i5rnm xat24cr x1mh8g0r xexx8yu x4uap5 x18d9i69 xkhd6sd x16tdsg8 x1hl2dhg xggy1nq x1a2a7pz xt0b8zv x1qq9wsj xo1l8bm\" tabindex=\"0\" role=\"link\" href=\"https:\/\/www.facebook.com\/hashtag\/gastronom%C3%ADa?__eep__=6&amp;__cft__[0]=AZVoxqEiBvAbcFNU_WCcHPRokNHPXuaFLwfCMmbcckn44eMvHvdPIU4glldKmWbE0hKiST4i33h1dUHn08eIRjy02tTiz_iRuyrzb7Yq4i7RMu1pFnkJzSR7VDmVJEp2WNSfK8XX_cXxwBIm6MZOVrdkl410yNj-TnGOG-OISgOYLNrhDPeq2sdFhhfmwWxLohk&amp;__tn__=*NK-R\">#gastronom\u00eda<\/a> &#8211; <a class=\"x1i10hfl xjbqb8w x6umtig x1b1mbwd xaqea5y xav7gou x9f619 x1ypdohk xt0psk2 xe8uvvx xdj266r x11i5rnm xat24cr x1mh8g0r xexx8yu x4uap5 x18d9i69 xkhd6sd x16tdsg8 x1hl2dhg xggy1nq x1a2a7pz xt0b8zv x1qq9wsj xo1l8bm\" tabindex=\"0\" role=\"link\" href=\"https:\/\/www.facebook.com\/hashtag\/cultura?__eep__=6&amp;__cft__[0]=AZVoxqEiBvAbcFNU_WCcHPRokNHPXuaFLwfCMmbcckn44eMvHvdPIU4glldKmWbE0hKiST4i33h1dUHn08eIRjy02tTiz_iRuyrzb7Yq4i7RMu1pFnkJzSR7VDmVJEp2WNSfK8XX_cXxwBIm6MZOVrdkl410yNj-TnGOG-OISgOYLNrhDPeq2sdFhhfmwWxLohk&amp;__tn__=*NK-R\">#cultura<\/a>, celebrado el pasado 25 de septiembre del 2022, en el Parque Infantil de esta gobernaci\u00f3n.<\/div>\n<\/div>\n<div dir=\"auto\">\n<div><\/div>\n<\/div>\n<p>&nbsp;<\/p>\n","protected":false},"excerpt":{"rendered":"<p>Con la finalidad de destacar el valor cultural del departamento, el d\u00eda de hoy 5 de octubre, en el despacho del Sr. Gobernador de Alta Verapaz Dr. Fernando Rodr\u00edguez Klarck, se llev\u00f3 a cabo la entrega de reconocimiento a: Licda. Hilma Lupercia Ruiz de Gamboa, Escritora Altaverapacense. Sr. Fidel Augusto Ponce Gonzales, Impulsor de cultura [&hellip;]<\/p>\n","protected":false},"author":1,"featured_media":13623,"comment_status":"closed","ping_status":"open","sticky":false,"template":"","format":"gallery","meta":[],"categories":[2],"tags":[178],"_links":{"self":[{"href":"https:\/\/gobernacionaltaverapaz.gob.gt\/index.php?rest_route=\/wp\/v2\/posts\/13626"}],"collection":[{"href":"https:\/\/gobernacionaltaverapaz.gob.gt\/index.php?rest_route=\/wp\/v2\/posts"}],"about":[{"href":"https:\/\/gobernacionaltaverapaz.gob.gt\/index.php?rest_route=\/wp\/v2\/types\/post"}],"author":[{"embeddable":true,"href":"https:\/\/gobernacionaltaverapaz.gob.gt\/index.php?rest_route=\/wp\/v2\/users\/1"}],"replies":[{"embeddable":true,"href":"https:\/\/gobernacionaltaverapaz.gob.gt\/index.php?rest_route=%2Fwp%2Fv2%2Fcomments&post=13626"}],"version-history":[{"count":6,"href":"https:\/\/gobernacionaltaverapaz.gob.gt\/index.php?rest_route=\/wp\/v2\/posts\/13626\/revisions"}],"predecessor-version":[{"id":15214,"href":"https:\/\/gobernacionaltaverapaz.gob.gt\/index.php?rest_route=\/wp\/v2\/posts\/13626\/revisions\/15214"}],"wp:featuredmedia":[{"embeddable":true,"href":"https:\/\/gobernacionaltaverapaz.gob.gt\/index.php?rest_route=\/wp\/v2\/media\/13623"}],"wp:attachment":[{"href":"https:\/\/gobernacionaltaverapaz.gob.gt\/index.php?rest_route=%2Fwp%2Fv2%2Fmedia&parent=13626"}],"wp:term":[{"taxonomy":"category","embeddable":true,"href":"https:\/\/gobernacionaltaverapaz.gob.gt\/index.php?rest_route=%2Fwp%2Fv2%2Fcategories&post=13626"},{"taxonomy":"post_tag","embeddable":true,"href":"https:\/\/gobernacionaltaverapaz.gob.gt\/index.php?rest_route=%2Fwp%2Fv2%2Ftags&post=13626"}],"curies":[{"name":"wp","href":"https:\/\/api.w.org\/{rel}","templated":true}]}}