{"id":13633,"date":"2022-10-05T13:03:40","date_gmt":"2022-10-05T19:03:40","guid":{"rendered":"https:\/\/gobernacionaltaverapaz.gob.gt\/?p=13633"},"modified":"2022-10-13T11:53:31","modified_gmt":"2022-10-13T17:53:31","slug":"clausura-en-diplomado-de-agroforestal-ambiental","status":"publish","type":"post","link":"https:\/\/gobernacionaltaverapaz.gob.gt\/?p=13633","title":{"rendered":"Clausura de Diplomado en Agroforestal y Ambiental"},"content":{"rendered":"<p style=\"text-align: justify;\"><span class=\"x193iq5w xeuugli x13faqbe x1vvkbs x1xmvt09 x1lliihq x1s928wv xhkezso x1gmr53x x1cpjm7i x1fgarty x1943h6x xudqn12 x3x7a5m x6prxxf xvq8zen xo1l8bm xzsf02u x1yc453h\" dir=\"auto\">La Delegaci\u00f3n Departamental del <a class=\"x1i10hfl xjbqb8w x6umtig x1b1mbwd xaqea5y xav7gou x9f619 x1ypdohk xt0psk2 xe8uvvx xdj266r x11i5rnm xat24cr x1mh8g0r xexx8yu x4uap5 x18d9i69 xkhd6sd x16tdsg8 x1hl2dhg xggy1nq x1a2a7pz xt0b8zv x1qq9wsj xo1l8bm\" tabindex=\"0\" role=\"link\" href=\"https:\/\/www.facebook.com\/profile.php?id=100069147581797&amp;__cft__[0]=AZVclPmsGS0iKmEMxW75sUjuypJioZnzdVVP7xMcGjNFU7byLHJJ-sJDXsJuldemkfqtzBTA1yPxHSNewagmAzt-HZ--d2uEaiDEo2YlCl5kDke8RaKJvigy5r9zSnHVql2K9l8bodRl1G-YKTNuLi3D3-vWHxAU2Z6YdMC8-nn6zQQ16ynlTBHA7-us0v2uE9I&amp;__tn__=-]K-R\"><span class=\"xt0psk2\">MARN Guatemala<\/span><\/a> de Alta Verapaz, llev\u00f3 a cabo la clausura el Diplomado de Agroforestal y Ambiental el cual consisti\u00f3 en 8 m\u00f3dulos en el mes de septiembre, diplomado que se realiz\u00f3 en Coordinaci\u00f3n con la Universidad Panamericana contando con la presencia de 160 Estudiantes de nivel diversificado de los establecimientos del Hall del Norte, Emilio Rosales Ponce, Tecnol\u00f3gico, Instituto B\u00e1sico de San Crist\u00f3bal e ITERN.<\/span><\/p>\n<p>&nbsp;<\/p>\n<p>&nbsp;<\/p>\n<div><\/div>\n<p>&nbsp;<\/p>\n<p><span class=\"x193iq5w xeuugli x13faqbe x1vvkbs x1xmvt09 x1lliihq x1s928wv xhkezso x1gmr53x x1cpjm7i x1fgarty x1943h6x xudqn12 x3x7a5m x6prxxf xvq8zen xo1l8bm xzsf02u x1yc453h\" dir=\"auto\">\u00a0<\/span><\/p>\n<p>&nbsp;<\/p>\n<p>&nbsp;<\/p>\n<p>&nbsp;<\/p>\n<p>&nbsp;<\/p>\n<p>&nbsp;<\/p>\n","protected":false},"excerpt":{"rendered":"<p>La Delegaci\u00f3n Departamental del MARN Guatemala de Alta Verapaz, llev\u00f3 a cabo la clausura el Diplomado de Agroforestal y Ambiental el cual consisti\u00f3 en 8 m\u00f3dulos en el mes de septiembre, diplomado que se realiz\u00f3 en Coordinaci\u00f3n con la Universidad Panamericana contando con la presencia de 160 Estudiantes de nivel diversificado de los establecimientos del [&hellip;]<\/p>\n","protected":false},"author":1,"featured_media":13628,"comment_status":"closed","ping_status":"open","sticky":false,"template":"","format":"gallery","meta":[],"categories":[194],"tags":[178],"_links":{"self":[{"href":"https:\/\/gobernacionaltaverapaz.gob.gt\/index.php?rest_route=\/wp\/v2\/posts\/13633"}],"collection":[{"href":"https:\/\/gobernacionaltaverapaz.gob.gt\/index.php?rest_route=\/wp\/v2\/posts"}],"about":[{"href":"https:\/\/gobernacionaltaverapaz.gob.gt\/index.php?rest_route=\/wp\/v2\/types\/post"}],"author":[{"embeddable":true,"href":"https:\/\/gobernacionaltaverapaz.gob.gt\/index.php?rest_route=\/wp\/v2\/users\/1"}],"replies":[{"embeddable":true,"href":"https:\/\/gobernacionaltaverapaz.gob.gt\/index.php?rest_route=%2Fwp%2Fv2%2Fcomments&post=13633"}],"version-history":[{"count":2,"href":"https:\/\/gobernacionaltaverapaz.gob.gt\/index.php?rest_route=\/wp\/v2\/posts\/13633\/revisions"}],"predecessor-version":[{"id":13636,"href":"https:\/\/gobernacionaltaverapaz.gob.gt\/index.php?rest_route=\/wp\/v2\/posts\/13633\/revisions\/13636"}],"wp:featuredmedia":[{"embeddable":true,"href":"https:\/\/gobernacionaltaverapaz.gob.gt\/index.php?rest_route=\/wp\/v2\/media\/13628"}],"wp:attachment":[{"href":"https:\/\/gobernacionaltaverapaz.gob.gt\/index.php?rest_route=%2Fwp%2Fv2%2Fmedia&parent=13633"}],"wp:term":[{"taxonomy":"category","embeddable":true,"href":"https:\/\/gobernacionaltaverapaz.gob.gt\/index.php?rest_route=%2Fwp%2Fv2%2Fcategories&post=13633"},{"taxonomy":"post_tag","embeddable":true,"href":"https:\/\/gobernacionaltaverapaz.gob.gt\/index.php?rest_route=%2Fwp%2Fv2%2Ftags&post=13633"}],"curies":[{"name":"wp","href":"https:\/\/api.w.org\/{rel}","templated":true}]}}