{"id":13640,"date":"2022-10-05T13:10:46","date_gmt":"2022-10-05T19:10:46","guid":{"rendered":"https:\/\/gobernacionaltaverapaz.gob.gt\/?p=13640"},"modified":"2022-10-14T09:01:27","modified_gmt":"2022-10-14T15:01:27","slug":"reunin-con-la-coordinadora-de-la-conred","status":"publish","type":"post","link":"https:\/\/gobernacionaltaverapaz.gob.gt\/?p=13640","title":{"rendered":"Reuni\u00f3n con la coordinadora de la CONRED"},"content":{"rendered":"<p style=\"text-align: justify;\"><span class=\"x193iq5w xeuugli x13faqbe x1vvkbs x1xmvt09 x1lliihq x1s928wv xhkezso x1gmr53x x1cpjm7i x1fgarty x1943h6x xudqn12 x3x7a5m x6prxxf xvq8zen xo1l8bm xzsf02u x1yc453h\" dir=\"auto\">Dr. Fernando Rodr\u00edguez Klarck, Gobernador Departamental y Director de la Coordinadora Departamental para la Reducci\u00f3n de Desastres de Alta Verapaz, sostuvo reuni\u00f3n con la coordinadora de la <a class=\"x1i10hfl xjbqb8w x6umtig x1b1mbwd xaqea5y xav7gou x9f619 x1ypdohk xt0psk2 xe8uvvx xdj266r x11i5rnm xat24cr x1mh8g0r xexx8yu x4uap5 x18d9i69 xkhd6sd x16tdsg8 x1hl2dhg xggy1nq x1a2a7pz xt0b8zv x1qq9wsj xo1l8bm\" tabindex=\"0\" role=\"link\" href=\"https:\/\/www.facebook.com\/hashtag\/codred?__eep__=6&amp;__cft__[0]=AZUCEEzIgWwWgVa95nqDTEO81AUv0p5KfFWVKAaDeg2__F-mbyzO_7nPiDZ8GjMALlAFGsGwBHRQQCkfrBo-RVHRijo0T8TR1Vs1toOiTUd5Baei-30aZviNYFX2lvr56P7O5xCkA7SugRkte45bU23Zs-Zs5fgN-yymJF9RWzoeGSJZ7veYvNwJCskPBM6_AQ4&amp;__tn__=*NK-R\">#codred<\/a> y personal de la Secretaria Ejecutiva de <a class=\"x1i10hfl xjbqb8w x6umtig x1b1mbwd xaqea5y xav7gou x9f619 x1ypdohk xt0psk2 xe8uvvx xdj266r x11i5rnm xat24cr x1mh8g0r xexx8yu x4uap5 x18d9i69 xkhd6sd x16tdsg8 x1hl2dhg xggy1nq x1a2a7pz xt0b8zv x1qq9wsj xo1l8bm\" tabindex=\"0\" role=\"link\" href=\"https:\/\/www.facebook.com\/conredgt?__cft__[0]=AZUCEEzIgWwWgVa95nqDTEO81AUv0p5KfFWVKAaDeg2__F-mbyzO_7nPiDZ8GjMALlAFGsGwBHRQQCkfrBo-RVHRijo0T8TR1Vs1toOiTUd5Baei-30aZviNYFX2lvr56P7O5xCkA7SugRkte45bU23Zs-Zs5fgN-yymJF9RWzoeGSJZ7veYvNwJCskPBM6_AQ4&amp;__tn__=-]K-R\"><span class=\"xt0psk2\">Conred<\/span><\/a>, con el objetivo de conocer sobre la posible formaci\u00f3n de un cicl\u00f3n tropical en el Mar Caribe durante los pr\u00f3ximos d\u00edas y establecer las acciones de prevenci\u00f3n y coordinaci\u00f3n con las instituciones del sistema <a class=\"x1i10hfl xjbqb8w x6umtig x1b1mbwd xaqea5y xav7gou x9f619 x1ypdohk xt0psk2 xe8uvvx xdj266r x11i5rnm xat24cr x1mh8g0r xexx8yu x4uap5 x18d9i69 xkhd6sd x16tdsg8 x1hl2dhg xggy1nq x1a2a7pz xt0b8zv x1qq9wsj xo1l8bm\" tabindex=\"0\" role=\"link\" href=\"https:\/\/www.facebook.com\/hashtag\/conred?__eep__=6&amp;__cft__[0]=AZUCEEzIgWwWgVa95nqDTEO81AUv0p5KfFWVKAaDeg2__F-mbyzO_7nPiDZ8GjMALlAFGsGwBHRQQCkfrBo-RVHRijo0T8TR1Vs1toOiTUd5Baei-30aZviNYFX2lvr56P7O5xCkA7SugRkte45bU23Zs-Zs5fgN-yymJF9RWzoeGSJZ7veYvNwJCskPBM6_AQ4&amp;__tn__=*NK-R\">#CONRED<\/a> y autoridades municipales.<\/span><\/p>\n<p>&nbsp;<\/p>\n<p>&nbsp;<\/p>\n<div><\/div>\n","protected":false},"excerpt":{"rendered":"<p>Dr. Fernando Rodr\u00edguez Klarck, Gobernador Departamental y Director de la Coordinadora Departamental para la Reducci\u00f3n de Desastres de Alta Verapaz, sostuvo reuni\u00f3n con la coordinadora de la #codred y personal de la Secretaria Ejecutiva de Conred, con el objetivo de conocer sobre la posible formaci\u00f3n de un cicl\u00f3n tropical en el Mar Caribe durante los [&hellip;]<\/p>\n","protected":false},"author":1,"featured_media":13637,"comment_status":"closed","ping_status":"open","sticky":false,"template":"","format":"gallery","meta":[],"categories":[194],"tags":[178],"_links":{"self":[{"href":"https:\/\/gobernacionaltaverapaz.gob.gt\/index.php?rest_route=\/wp\/v2\/posts\/13640"}],"collection":[{"href":"https:\/\/gobernacionaltaverapaz.gob.gt\/index.php?rest_route=\/wp\/v2\/posts"}],"about":[{"href":"https:\/\/gobernacionaltaverapaz.gob.gt\/index.php?rest_route=\/wp\/v2\/types\/post"}],"author":[{"embeddable":true,"href":"https:\/\/gobernacionaltaverapaz.gob.gt\/index.php?rest_route=\/wp\/v2\/users\/1"}],"replies":[{"embeddable":true,"href":"https:\/\/gobernacionaltaverapaz.gob.gt\/index.php?rest_route=%2Fwp%2Fv2%2Fcomments&post=13640"}],"version-history":[{"count":1,"href":"https:\/\/gobernacionaltaverapaz.gob.gt\/index.php?rest_route=\/wp\/v2\/posts\/13640\/revisions"}],"predecessor-version":[{"id":13641,"href":"https:\/\/gobernacionaltaverapaz.gob.gt\/index.php?rest_route=\/wp\/v2\/posts\/13640\/revisions\/13641"}],"wp:featuredmedia":[{"embeddable":true,"href":"https:\/\/gobernacionaltaverapaz.gob.gt\/index.php?rest_route=\/wp\/v2\/media\/13637"}],"wp:attachment":[{"href":"https:\/\/gobernacionaltaverapaz.gob.gt\/index.php?rest_route=%2Fwp%2Fv2%2Fmedia&parent=13640"}],"wp:term":[{"taxonomy":"category","embeddable":true,"href":"https:\/\/gobernacionaltaverapaz.gob.gt\/index.php?rest_route=%2Fwp%2Fv2%2Fcategories&post=13640"},{"taxonomy":"post_tag","embeddable":true,"href":"https:\/\/gobernacionaltaverapaz.gob.gt\/index.php?rest_route=%2Fwp%2Fv2%2Ftags&post=13640"}],"curies":[{"name":"wp","href":"https:\/\/api.w.org\/{rel}","templated":true}]}}