{"id":13645,"date":"2022-10-05T15:54:13","date_gmt":"2022-10-05T21:54:13","guid":{"rendered":"https:\/\/gobernacionaltaverapaz.gob.gt\/?p=13645"},"modified":"2022-10-14T09:07:39","modified_gmt":"2022-10-14T15:07:39","slug":"firma-del-tercer-convenio-con-fondos-para-el-desarrollo-econmico-de-la-nacin","status":"publish","type":"post","link":"https:\/\/gobernacionaltaverapaz.gob.gt\/?p=13645","title":{"rendered":"Firma del tercer convenio con fondos para el Desarrollo Econ\u00f3mico de la Naci\u00f3n"},"content":{"rendered":"<div class=\"xdj266r x11i5rnm xat24cr x1mh8g0r x1vvkbs x126k92a\">\n<div dir=\"auto\" style=\"text-align: justify;\">Comprometido con el desarrollo del Departamento, Dr. Fernando Rodr\u00edguez Klarck, Gobernador de Alta Verapaz, llev\u00f3 a cabo la firma del tercer convenio con fondos provenientes del Fondo para el Desarrollo Econ\u00f3mico de la Naci\u00f3n <a class=\"x1i10hfl xjbqb8w x6umtig x1b1mbwd xaqea5y xav7gou x9f619 x1ypdohk xt0psk2 xe8uvvx xdj266r x11i5rnm xat24cr x1mh8g0r xexx8yu x4uap5 x18d9i69 xkhd6sd x16tdsg8 x1hl2dhg xggy1nq x1a2a7pz xt0b8zv x1qq9wsj xo1l8bm\" tabindex=\"0\" role=\"link\" href=\"https:\/\/www.facebook.com\/hashtag\/fonpetrol?__eep__=6&amp;__cft__[0]=AZVZDd8lOFvl1HSygPwFoS5WbwYE_uMMgP_Wo6oJm15e0m3OEH5UVCyJtfdswJdNFx2Gnx5_C8R41mvMc_kNcobsSJTj0kSVCK7rSoeCyLfcyGMjbHG6vkSyYkun-YzP2uwS61xa0RFupUjW_r7dzHdmywBLGCfKPx1jZqXqKRcNk38JHgYqBG985R-cd1PsZTM&amp;__tn__=*NK-R\">#fonpetrol<\/a>, en compa\u00f1\u00eda del Alcalde Municipal de San Juan Chamelco, Sr. Ervin Orlando Tut Quim y Lcda. \u00c1ngela Alvarado, directora ejecutiva del <a class=\"x1i10hfl xjbqb8w x6umtig x1b1mbwd xaqea5y xav7gou x9f619 x1ypdohk xt0psk2 xe8uvvx xdj266r x11i5rnm xat24cr x1mh8g0r xexx8yu x4uap5 x18d9i69 xkhd6sd x16tdsg8 x1hl2dhg xggy1nq x1a2a7pz xt0b8zv x1qq9wsj xo1l8bm\" tabindex=\"0\" role=\"link\" href=\"https:\/\/www.facebook.com\/codede.av.7?__cft__[0]=AZVZDd8lOFvl1HSygPwFoS5WbwYE_uMMgP_Wo6oJm15e0m3OEH5UVCyJtfdswJdNFx2Gnx5_C8R41mvMc_kNcobsSJTj0kSVCK7rSoeCyLfcyGMjbHG6vkSyYkun-YzP2uwS61xa0RFupUjW_r7dzHdmywBLGCfKPx1jZqXqKRcNk38JHgYqBG985R-cd1PsZTM&amp;__tn__=-]K-R\"><span class=\"xt0psk2\">Codede AV<\/span><\/a><\/div>\n<\/div>\n<div class=\"x11i5rnm xat24cr x1mh8g0r x1vvkbs xtlvy1s x126k92a\" style=\"text-align: justify;\">\n<div dir=\"auto\">El convenio firmado es referente al proyecto de:<\/div>\n<\/div>\n<div class=\"x11i5rnm xat24cr x1mh8g0r x1vvkbs xtlvy1s x126k92a\">\n<div dir=\"auto\" style=\"text-align: justify;\">Mejoramiento Camino Rural Aldea Chiquic, Sector la Cuesta, San Juan Chamelco, Alta Verapaz.<\/div>\n<\/div>\n<div dir=\"auto\"><\/div>\n<div dir=\"auto\"><\/div>\n<div dir=\"auto\"><\/div>\n<div dir=\"auto\">\n<div><\/div>\n<\/div>\n<p>&nbsp;<\/p>\n","protected":false},"excerpt":{"rendered":"<p>Comprometido con el desarrollo del Departamento, Dr. Fernando Rodr\u00edguez Klarck, Gobernador de Alta Verapaz, llev\u00f3 a cabo la firma del tercer convenio con fondos provenientes del Fondo para el Desarrollo Econ\u00f3mico de la Naci\u00f3n #fonpetrol, en compa\u00f1\u00eda del Alcalde Municipal de San Juan Chamelco, Sr. Ervin Orlando Tut Quim y Lcda. \u00c1ngela Alvarado, directora ejecutiva [&hellip;]<\/p>\n","protected":false},"author":1,"featured_media":13642,"comment_status":"closed","ping_status":"open","sticky":false,"template":"","format":"gallery","meta":[],"categories":[194],"tags":[178],"_links":{"self":[{"href":"https:\/\/gobernacionaltaverapaz.gob.gt\/index.php?rest_route=\/wp\/v2\/posts\/13645"}],"collection":[{"href":"https:\/\/gobernacionaltaverapaz.gob.gt\/index.php?rest_route=\/wp\/v2\/posts"}],"about":[{"href":"https:\/\/gobernacionaltaverapaz.gob.gt\/index.php?rest_route=\/wp\/v2\/types\/post"}],"author":[{"embeddable":true,"href":"https:\/\/gobernacionaltaverapaz.gob.gt\/index.php?rest_route=\/wp\/v2\/users\/1"}],"replies":[{"embeddable":true,"href":"https:\/\/gobernacionaltaverapaz.gob.gt\/index.php?rest_route=%2Fwp%2Fv2%2Fcomments&post=13645"}],"version-history":[{"count":1,"href":"https:\/\/gobernacionaltaverapaz.gob.gt\/index.php?rest_route=\/wp\/v2\/posts\/13645\/revisions"}],"predecessor-version":[{"id":13646,"href":"https:\/\/gobernacionaltaverapaz.gob.gt\/index.php?rest_route=\/wp\/v2\/posts\/13645\/revisions\/13646"}],"wp:featuredmedia":[{"embeddable":true,"href":"https:\/\/gobernacionaltaverapaz.gob.gt\/index.php?rest_route=\/wp\/v2\/media\/13642"}],"wp:attachment":[{"href":"https:\/\/gobernacionaltaverapaz.gob.gt\/index.php?rest_route=%2Fwp%2Fv2%2Fmedia&parent=13645"}],"wp:term":[{"taxonomy":"category","embeddable":true,"href":"https:\/\/gobernacionaltaverapaz.gob.gt\/index.php?rest_route=%2Fwp%2Fv2%2Fcategories&post=13645"},{"taxonomy":"post_tag","embeddable":true,"href":"https:\/\/gobernacionaltaverapaz.gob.gt\/index.php?rest_route=%2Fwp%2Fv2%2Ftags&post=13645"}],"curies":[{"name":"wp","href":"https:\/\/api.w.org\/{rel}","templated":true}]}}