{"id":13652,"date":"2022-10-06T18:56:27","date_gmt":"2022-10-07T00:56:27","guid":{"rendered":"https:\/\/gobernacionaltaverapaz.gob.gt\/?p=13652"},"modified":"2022-10-14T09:17:07","modified_gmt":"2022-10-14T15:17:07","slug":"reunin-con-delegados-de-conred-2","status":"publish","type":"post","link":"https:\/\/gobernacionaltaverapaz.gob.gt\/?p=13652","title":{"rendered":"Reuni\u00f3n con Delegados de CONRED"},"content":{"rendered":"<p style=\"text-align: justify;\"><span class=\"x193iq5w xeuugli x13faqbe x1vvkbs x1xmvt09 x1lliihq x1s928wv xhkezso x1gmr53x x1cpjm7i x1fgarty x1943h6x xudqn12 x3x7a5m x6prxxf xvq8zen xo1l8bm xzsf02u x1yc453h\" dir=\"auto\">Ante la posible afectaci\u00f3n del territorio Nacional por el potencial Cicl\u00f3n Tropical Julia, Dr. Fernando Rodr\u00edguez Klarck, Gobernador Departamental, convoc\u00f3 a integrantes del Centro de Operaciones de Emergencia Departamental, con la finalidad de establecer acciones interinstitucionales encaminadas a la acci\u00f3n preventiva, esto en coordinaci\u00f3n con los Centros de Operaciones Municipales y Nacionales.<\/span><\/p>\n<p>&nbsp;<\/p>\n<p>&nbsp;<\/p>\n<div><\/div>\n<p>&nbsp;<\/p>\n<p>&nbsp;<\/p>\n","protected":false},"excerpt":{"rendered":"<p>Ante la posible afectaci\u00f3n del territorio Nacional por el potencial Cicl\u00f3n Tropical Julia, Dr. Fernando Rodr\u00edguez Klarck, Gobernador Departamental, convoc\u00f3 a integrantes del Centro de Operaciones de Emergencia Departamental, con la finalidad de establecer acciones interinstitucionales encaminadas a la acci\u00f3n preventiva, esto en coordinaci\u00f3n con los Centros de Operaciones Municipales y Nacionales. &nbsp; &nbsp; &nbsp; [&hellip;]<\/p>\n","protected":false},"author":1,"featured_media":13654,"comment_status":"closed","ping_status":"open","sticky":false,"template":"","format":"gallery","meta":[],"categories":[194],"tags":[178],"_links":{"self":[{"href":"https:\/\/gobernacionaltaverapaz.gob.gt\/index.php?rest_route=\/wp\/v2\/posts\/13652"}],"collection":[{"href":"https:\/\/gobernacionaltaverapaz.gob.gt\/index.php?rest_route=\/wp\/v2\/posts"}],"about":[{"href":"https:\/\/gobernacionaltaverapaz.gob.gt\/index.php?rest_route=\/wp\/v2\/types\/post"}],"author":[{"embeddable":true,"href":"https:\/\/gobernacionaltaverapaz.gob.gt\/index.php?rest_route=\/wp\/v2\/users\/1"}],"replies":[{"embeddable":true,"href":"https:\/\/gobernacionaltaverapaz.gob.gt\/index.php?rest_route=%2Fwp%2Fv2%2Fcomments&post=13652"}],"version-history":[{"count":3,"href":"https:\/\/gobernacionaltaverapaz.gob.gt\/index.php?rest_route=\/wp\/v2\/posts\/13652\/revisions"}],"predecessor-version":[{"id":13659,"href":"https:\/\/gobernacionaltaverapaz.gob.gt\/index.php?rest_route=\/wp\/v2\/posts\/13652\/revisions\/13659"}],"wp:featuredmedia":[{"embeddable":true,"href":"https:\/\/gobernacionaltaverapaz.gob.gt\/index.php?rest_route=\/wp\/v2\/media\/13654"}],"wp:attachment":[{"href":"https:\/\/gobernacionaltaverapaz.gob.gt\/index.php?rest_route=%2Fwp%2Fv2%2Fmedia&parent=13652"}],"wp:term":[{"taxonomy":"category","embeddable":true,"href":"https:\/\/gobernacionaltaverapaz.gob.gt\/index.php?rest_route=%2Fwp%2Fv2%2Fcategories&post=13652"},{"taxonomy":"post_tag","embeddable":true,"href":"https:\/\/gobernacionaltaverapaz.gob.gt\/index.php?rest_route=%2Fwp%2Fv2%2Ftags&post=13652"}],"curies":[{"name":"wp","href":"https:\/\/api.w.org\/{rel}","templated":true}]}}