{"id":13664,"date":"2022-10-07T22:12:05","date_gmt":"2022-10-08T04:12:05","guid":{"rendered":"https:\/\/gobernacionaltaverapaz.gob.gt\/?p=13664"},"modified":"2022-10-14T09:27:53","modified_gmt":"2022-10-14T15:27:53","slug":"reunin-con-los-directores-jefes-de-compaa-de-diferentes-bomberos-voluntarios","status":"publish","type":"post","link":"https:\/\/gobernacionaltaverapaz.gob.gt\/?p=13664","title":{"rendered":"Reuni\u00f3n con los directores y jefes de Compa\u00f1\u00eda de Bomberos Voluntarios"},"content":{"rendered":"<p style=\"text-align: justify;\"><span class=\"x193iq5w xeuugli x13faqbe x1vvkbs x1xmvt09 x1lliihq x1s928wv xhkezso x1gmr53x x1cpjm7i x1fgarty x1943h6x xudqn12 x3x7a5m x6prxxf xvq8zen xo1l8bm xzsf02u x1yc453h\" dir=\"auto\">Ante la alta probabilidad de afectaci\u00f3n por el Cicl\u00f3n Tropical Julia, el Centro de Operaciones de Emergencia -COE- Departamental de Alta Verapaz, presidido por el Dr. Fernando Rodriguez Klarck, Gobernador Departamental, sostuvo reuni\u00f3n con los Directores y Jefes de Compa\u00f1\u00eda de Bomberos Voluntarios, Comandantes de Estaciones de Bomberos Municipales Departamentales y Presidentes de Delegaci\u00f3n y Jefe de Socorristas de Cruz Roja, subdirector del Hospital Regional de Cob\u00e1n, miembros del Sistema Integrado de Urgencias M\u00e9dicas -SUME- del Departamento de Alta Verapaz con el fin de establecer acciones coordinadas como primera l\u00ednea de respuesta ante emergencias.<\/span><\/p>\n<p>&nbsp;<\/p>\n<div><\/div>\n","protected":false},"excerpt":{"rendered":"<p>Ante la alta probabilidad de afectaci\u00f3n por el Cicl\u00f3n Tropical Julia, el Centro de Operaciones de Emergencia -COE- Departamental de Alta Verapaz, presidido por el Dr. Fernando Rodriguez Klarck, Gobernador Departamental, sostuvo reuni\u00f3n con los Directores y Jefes de Compa\u00f1\u00eda de Bomberos Voluntarios, Comandantes de Estaciones de Bomberos Municipales Departamentales y Presidentes de Delegaci\u00f3n y [&hellip;]<\/p>\n","protected":false},"author":1,"featured_media":13660,"comment_status":"closed","ping_status":"open","sticky":false,"template":"","format":"gallery","meta":[],"categories":[194],"tags":[178],"_links":{"self":[{"href":"https:\/\/gobernacionaltaverapaz.gob.gt\/index.php?rest_route=\/wp\/v2\/posts\/13664"}],"collection":[{"href":"https:\/\/gobernacionaltaverapaz.gob.gt\/index.php?rest_route=\/wp\/v2\/posts"}],"about":[{"href":"https:\/\/gobernacionaltaverapaz.gob.gt\/index.php?rest_route=\/wp\/v2\/types\/post"}],"author":[{"embeddable":true,"href":"https:\/\/gobernacionaltaverapaz.gob.gt\/index.php?rest_route=\/wp\/v2\/users\/1"}],"replies":[{"embeddable":true,"href":"https:\/\/gobernacionaltaverapaz.gob.gt\/index.php?rest_route=%2Fwp%2Fv2%2Fcomments&post=13664"}],"version-history":[{"count":2,"href":"https:\/\/gobernacionaltaverapaz.gob.gt\/index.php?rest_route=\/wp\/v2\/posts\/13664\/revisions"}],"predecessor-version":[{"id":13666,"href":"https:\/\/gobernacionaltaverapaz.gob.gt\/index.php?rest_route=\/wp\/v2\/posts\/13664\/revisions\/13666"}],"wp:featuredmedia":[{"embeddable":true,"href":"https:\/\/gobernacionaltaverapaz.gob.gt\/index.php?rest_route=\/wp\/v2\/media\/13660"}],"wp:attachment":[{"href":"https:\/\/gobernacionaltaverapaz.gob.gt\/index.php?rest_route=%2Fwp%2Fv2%2Fmedia&parent=13664"}],"wp:term":[{"taxonomy":"category","embeddable":true,"href":"https:\/\/gobernacionaltaverapaz.gob.gt\/index.php?rest_route=%2Fwp%2Fv2%2Fcategories&post=13664"},{"taxonomy":"post_tag","embeddable":true,"href":"https:\/\/gobernacionaltaverapaz.gob.gt\/index.php?rest_route=%2Fwp%2Fv2%2Ftags&post=13664"}],"curies":[{"name":"wp","href":"https:\/\/api.w.org\/{rel}","templated":true}]}}