{"id":13670,"date":"2022-10-08T07:28:02","date_gmt":"2022-10-08T13:28:02","guid":{"rendered":"https:\/\/gobernacionaltaverapaz.gob.gt\/?p=13670"},"modified":"2022-10-14T09:39:48","modified_gmt":"2022-10-14T15:39:48","slug":"monitoreo-de-la-tormenta-tropical-julia","status":"publish","type":"post","link":"https:\/\/gobernacionaltaverapaz.gob.gt\/?p=13670","title":{"rendered":"Monitoreo de la tormenta tropical Julia"},"content":{"rendered":"<div class=\"xdj266r x11i5rnm xat24cr x1mh8g0r x1vvkbs x126k92a\">\n<div dir=\"auto\" style=\"text-align: justify;\">El INSIVUMEH informa que:<\/div>\n<div dir=\"auto\" style=\"text-align: justify;\">Se contin\u00faa con el monitoreo de la tormenta tropical Julia ubicada en 12.8 N y 79.0 W dentro de nuestra \u00e1rea de aviso (zona amarilla).<\/div>\n<\/div>\n<div class=\"x11i5rnm xat24cr x1mh8g0r x1vvkbs xtlvy1s x126k92a\" style=\"text-align: justify;\">\n<div dir=\"auto\">EI sistema contin\u00faa con su movimiento hacia el oeste con una velocidad de desplazamiento de 33 km\/h, acerc\u00e1ndose a Centroam\u00e9rica.<\/div>\n<\/div>\n<div class=\"x11i5rnm xat24cr x1mh8g0r x1vvkbs xtlvy1s x126k92a\" style=\"text-align: justify;\">\n<div dir=\"auto\">Se prev\u00e9 en las pr\u00f3ximas 24 horas se intensifique a hurac\u00e1n, sin embargo, al momento de ingresar a Nicaragua perder\u00e1 intensidad gradualmente y seg\u00fan la trayectoria prevista podr\u00eda cruzar al oc\u00e9ano Pacifico cerca de las costas de Guatemala como depresi\u00f3n tropical.<\/div>\n<\/div>\n<div class=\"x11i5rnm xat24cr x1mh8g0r x1vvkbs xtlvy1s x126k92a\" style=\"text-align: justify;\">\n<div dir=\"auto\">Los efectos indirectos y directos de dicho sistema se empezar\u00e1n a presentar en las<\/div>\n<div dir=\"auto\">primeras horas del d\u00eda domingo con lluvias y lloviznas de car\u00e1cter intermitente empezando un temporal de lluvias que se extender\u00eda para inicios de semana.<\/div>\n<\/div>\n<div class=\"x11i5rnm xat24cr x1mh8g0r x1vvkbs xtlvy1s x126k92a\" style=\"text-align: justify;\">\n<div dir=\"auto\">Los mayores acumulados de lluvia para el domingo se prev\u00e9n sobre las regiones Norte, Franja Transversal del Norte, Caribe y Valles de Oriente sin descartar lluvias importantes sobre el resto del pa\u00eds.<\/div>\n<\/div>\n<div class=\"x11i5rnm xat24cr x1mh8g0r x1vvkbs xtlvy1s x126k92a\">\n<div dir=\"auto\" style=\"text-align: justify;\">INSIVUMEH, en cumplimiento de su misi\u00f3n, mantiene monitoreo constante de cualquier sistema hidrometeorol\u00f3gico que se considere de peligro para Guatemala.<\/div>\n<\/div>\n<div dir=\"auto\"><\/div>\n<div dir=\"auto\"><\/div>\n<div dir=\"auto\"><\/div>\n<div dir=\"auto\"><\/div>\n<div dir=\"auto\">\n<div><\/div>\n<\/div>\n<p>&nbsp;<\/p>\n","protected":false},"excerpt":{"rendered":"<p>El INSIVUMEH informa que: Se contin\u00faa con el monitoreo de la tormenta tropical Julia ubicada en 12.8 N y 79.0 W dentro de nuestra \u00e1rea de aviso (zona amarilla). EI sistema contin\u00faa con su movimiento hacia el oeste con una velocidad de desplazamiento de 33 km\/h, acerc\u00e1ndose a Centroam\u00e9rica. Se prev\u00e9 en las pr\u00f3ximas 24 [&hellip;]<\/p>\n","protected":false},"author":1,"featured_media":13667,"comment_status":"closed","ping_status":"open","sticky":false,"template":"","format":"gallery","meta":[],"categories":[205],"tags":[178],"_links":{"self":[{"href":"https:\/\/gobernacionaltaverapaz.gob.gt\/index.php?rest_route=\/wp\/v2\/posts\/13670"}],"collection":[{"href":"https:\/\/gobernacionaltaverapaz.gob.gt\/index.php?rest_route=\/wp\/v2\/posts"}],"about":[{"href":"https:\/\/gobernacionaltaverapaz.gob.gt\/index.php?rest_route=\/wp\/v2\/types\/post"}],"author":[{"embeddable":true,"href":"https:\/\/gobernacionaltaverapaz.gob.gt\/index.php?rest_route=\/wp\/v2\/users\/1"}],"replies":[{"embeddable":true,"href":"https:\/\/gobernacionaltaverapaz.gob.gt\/index.php?rest_route=%2Fwp%2Fv2%2Fcomments&post=13670"}],"version-history":[{"count":1,"href":"https:\/\/gobernacionaltaverapaz.gob.gt\/index.php?rest_route=\/wp\/v2\/posts\/13670\/revisions"}],"predecessor-version":[{"id":13671,"href":"https:\/\/gobernacionaltaverapaz.gob.gt\/index.php?rest_route=\/wp\/v2\/posts\/13670\/revisions\/13671"}],"wp:featuredmedia":[{"embeddable":true,"href":"https:\/\/gobernacionaltaverapaz.gob.gt\/index.php?rest_route=\/wp\/v2\/media\/13667"}],"wp:attachment":[{"href":"https:\/\/gobernacionaltaverapaz.gob.gt\/index.php?rest_route=%2Fwp%2Fv2%2Fmedia&parent=13670"}],"wp:term":[{"taxonomy":"category","embeddable":true,"href":"https:\/\/gobernacionaltaverapaz.gob.gt\/index.php?rest_route=%2Fwp%2Fv2%2Fcategories&post=13670"},{"taxonomy":"post_tag","embeddable":true,"href":"https:\/\/gobernacionaltaverapaz.gob.gt\/index.php?rest_route=%2Fwp%2Fv2%2Ftags&post=13670"}],"curies":[{"name":"wp","href":"https:\/\/api.w.org\/{rel}","templated":true}]}}