{"id":13678,"date":"2022-10-10T18:41:41","date_gmt":"2022-10-11T00:41:41","guid":{"rendered":"https:\/\/gobernacionaltaverapaz.gob.gt\/?p=13678"},"modified":"2022-10-14T09:50:53","modified_gmt":"2022-10-14T15:50:53","slug":"reunin-virtual-entre-los-coe-departamentales-con-el-coe-nacional-bajo-la-direccin-del-sr-presidente-de-la-repblica-de-guatemala","status":"publish","type":"post","link":"https:\/\/gobernacionaltaverapaz.gob.gt\/?p=13678","title":{"rendered":"Reuni\u00f3n virtual entre los COE departamentales con el COE Nacional"},"content":{"rendered":"<div dir=\"auto\" style=\"text-align: justify;\">El Centro de Operaciones de Emergencia -COE- Departamental de Alta Verapaz, dirigido por el Gobernador Departamental Dr. Fernando Rodriguez Klarck, contin\u00faa coordinando las acciones de respuesta por la afectaci\u00f3n generada por el cicl\u00f3n tropical Julia. Est\u00e1 tarde se sostuvo reuni\u00f3n virtual entre los COE departamentales con el COE nacional bajo la direcci\u00f3n del Sr. Presidente de la Rep\u00fablica de Guatemala Dr. <a class=\"x1i10hfl xjbqb8w x6umtig x1b1mbwd xaqea5y xav7gou x9f619 x1ypdohk xt0psk2 xe8uvvx xdj266r x11i5rnm xat24cr x1mh8g0r xexx8yu x4uap5 x18d9i69 xkhd6sd x16tdsg8 x1hl2dhg xggy1nq x1a2a7pz xt0b8zv x1qq9wsj xo1l8bm\" tabindex=\"0\" role=\"link\" href=\"https:\/\/www.facebook.com\/AlejandroGiammattei?__cft__[0]=AZVJuAh1-55MDK39wioVHhxMSAz3vwms_QybGWce1LnVDsYUNCQtJvdIqIVZDEhorKQlQ6i00vZfzqTq4bEyRF1f7prqrnDRy1t2aMSChhuR7OUScy-BF6gfhd2VJqAssbk0LV2iTLV37FzY7QhjsRtfTlHWHKT80S02_3GZ3EMfDilpRCyWWREiF00arTlaVFs&amp;__tn__=-]K-R\"><span class=\"xt0psk2\">Alejandro Giammattei<\/span><\/a>.<\/div>\n<div dir=\"auto\" style=\"text-align: justify;\">As\u00ed mismo se inform\u00f3 del despliegue de 2 equipos de Bomberos Municipales de b\u00fasqueda y rescate conformado por 28 rescatista, a los municipios de Panz\u00f3s para brindar apoyo por las inundaciones suscitadas por el fen\u00f3meno natural y al municipio de Cahab\u00f3n para la b\u00fasqueda de las 2 personas desaparecidas en la aldea Tamax, de esta jurisdicci\u00f3n.<\/div>\n<div dir=\"auto\"><\/div>\n<div dir=\"auto\"><\/div>\n<div dir=\"auto\">\n<div><\/div>\n<\/div>\n<p>&nbsp;<\/p>\n","protected":false},"excerpt":{"rendered":"<p>El Centro de Operaciones de Emergencia -COE- Departamental de Alta Verapaz, dirigido por el Gobernador Departamental Dr. Fernando Rodriguez Klarck, contin\u00faa coordinando las acciones de respuesta por la afectaci\u00f3n generada por el cicl\u00f3n tropical Julia. Est\u00e1 tarde se sostuvo reuni\u00f3n virtual entre los COE departamentales con el COE nacional bajo la direcci\u00f3n del Sr. Presidente [&hellip;]<\/p>\n","protected":false},"author":1,"featured_media":13672,"comment_status":"closed","ping_status":"open","sticky":false,"template":"","format":"gallery","meta":[],"categories":[194],"tags":[178],"_links":{"self":[{"href":"https:\/\/gobernacionaltaverapaz.gob.gt\/index.php?rest_route=\/wp\/v2\/posts\/13678"}],"collection":[{"href":"https:\/\/gobernacionaltaverapaz.gob.gt\/index.php?rest_route=\/wp\/v2\/posts"}],"about":[{"href":"https:\/\/gobernacionaltaverapaz.gob.gt\/index.php?rest_route=\/wp\/v2\/types\/post"}],"author":[{"embeddable":true,"href":"https:\/\/gobernacionaltaverapaz.gob.gt\/index.php?rest_route=\/wp\/v2\/users\/1"}],"replies":[{"embeddable":true,"href":"https:\/\/gobernacionaltaverapaz.gob.gt\/index.php?rest_route=%2Fwp%2Fv2%2Fcomments&post=13678"}],"version-history":[{"count":2,"href":"https:\/\/gobernacionaltaverapaz.gob.gt\/index.php?rest_route=\/wp\/v2\/posts\/13678\/revisions"}],"predecessor-version":[{"id":13680,"href":"https:\/\/gobernacionaltaverapaz.gob.gt\/index.php?rest_route=\/wp\/v2\/posts\/13678\/revisions\/13680"}],"wp:featuredmedia":[{"embeddable":true,"href":"https:\/\/gobernacionaltaverapaz.gob.gt\/index.php?rest_route=\/wp\/v2\/media\/13672"}],"wp:attachment":[{"href":"https:\/\/gobernacionaltaverapaz.gob.gt\/index.php?rest_route=%2Fwp%2Fv2%2Fmedia&parent=13678"}],"wp:term":[{"taxonomy":"category","embeddable":true,"href":"https:\/\/gobernacionaltaverapaz.gob.gt\/index.php?rest_route=%2Fwp%2Fv2%2Fcategories&post=13678"},{"taxonomy":"post_tag","embeddable":true,"href":"https:\/\/gobernacionaltaverapaz.gob.gt\/index.php?rest_route=%2Fwp%2Fv2%2Ftags&post=13678"}],"curies":[{"name":"wp","href":"https:\/\/api.w.org\/{rel}","templated":true}]}}