{"id":13687,"date":"2022-10-10T22:07:44","date_gmt":"2022-10-11T04:07:44","guid":{"rendered":"https:\/\/gobernacionaltaverapaz.gob.gt\/?p=13687"},"modified":"2022-11-02T11:58:10","modified_gmt":"2022-11-02T17:58:10","slug":"se-realiz-la-entrega-de-frazadas-los-residentes-temporales-de-estos-refugios","status":"publish","type":"post","link":"https:\/\/gobernacionaltaverapaz.gob.gt\/?p=13687","title":{"rendered":"Visita de campo a dos de los albergues establecidos en el municipio"},"content":{"rendered":"<div class=\"xdj266r x11i5rnm xat24cr x1mh8g0r x1vvkbs x126k92a\">\n<div dir=\"auto\" style=\"text-align: justify;\">En seguimiento al resguardo de vecinos en albergues del municipio de Cob\u00e1n Alta Verapaz, Dr. Fernando Rodriguez Klarck, Gobernador Departamental, llev\u00f3 a cabo visita de campo a dos de los albergues establecidos en el municipio, con la finalidad de verificar que se tengan las condiciones necesarias para salvaguardar la vida de los ciudadanos, as\u00ed mismo como parte de las acciones y labores emprendidas realiz\u00f3 la entrega de frazadas a los residentes temporales de estos refugios.<\/div>\n<\/div>\n<div class=\"x11i5rnm xat24cr x1mh8g0r x1vvkbs xtlvy1s x126k92a\">\n<div dir=\"auto\" style=\"text-align: justify;\">Agradecemos al complejo Hidroel\u00e9ctrico RENACE, por la donaci\u00f3n realizada en apoyo a la poblaci\u00f3n damnificada.<\/div>\n<\/div>\n<div dir=\"auto\"><\/div>\n<div dir=\"auto\"><\/div>\n<div dir=\"auto\">\n<div>\n<div><\/div>\n<\/div>\n<\/div>\n<p>&nbsp;<\/p>\n","protected":false},"excerpt":{"rendered":"<p>En seguimiento al resguardo de vecinos en albergues del municipio de Cob\u00e1n Alta Verapaz, Dr. Fernando Rodriguez Klarck, Gobernador Departamental, llev\u00f3 a cabo visita de campo a dos de los albergues establecidos en el municipio, con la finalidad de verificar que se tengan las condiciones necesarias para salvaguardar la vida de los ciudadanos, as\u00ed mismo [&hellip;]<\/p>\n","protected":false},"author":1,"featured_media":13681,"comment_status":"closed","ping_status":"open","sticky":false,"template":"","format":"gallery","meta":[],"categories":[182],"tags":[178],"_links":{"self":[{"href":"https:\/\/gobernacionaltaverapaz.gob.gt\/index.php?rest_route=\/wp\/v2\/posts\/13687"}],"collection":[{"href":"https:\/\/gobernacionaltaverapaz.gob.gt\/index.php?rest_route=\/wp\/v2\/posts"}],"about":[{"href":"https:\/\/gobernacionaltaverapaz.gob.gt\/index.php?rest_route=\/wp\/v2\/types\/post"}],"author":[{"embeddable":true,"href":"https:\/\/gobernacionaltaverapaz.gob.gt\/index.php?rest_route=\/wp\/v2\/users\/1"}],"replies":[{"embeddable":true,"href":"https:\/\/gobernacionaltaverapaz.gob.gt\/index.php?rest_route=%2Fwp%2Fv2%2Fcomments&post=13687"}],"version-history":[{"count":5,"href":"https:\/\/gobernacionaltaverapaz.gob.gt\/index.php?rest_route=\/wp\/v2\/posts\/13687\/revisions"}],"predecessor-version":[{"id":13694,"href":"https:\/\/gobernacionaltaverapaz.gob.gt\/index.php?rest_route=\/wp\/v2\/posts\/13687\/revisions\/13694"}],"wp:featuredmedia":[{"embeddable":true,"href":"https:\/\/gobernacionaltaverapaz.gob.gt\/index.php?rest_route=\/wp\/v2\/media\/13681"}],"wp:attachment":[{"href":"https:\/\/gobernacionaltaverapaz.gob.gt\/index.php?rest_route=%2Fwp%2Fv2%2Fmedia&parent=13687"}],"wp:term":[{"taxonomy":"category","embeddable":true,"href":"https:\/\/gobernacionaltaverapaz.gob.gt\/index.php?rest_route=%2Fwp%2Fv2%2Fcategories&post=13687"},{"taxonomy":"post_tag","embeddable":true,"href":"https:\/\/gobernacionaltaverapaz.gob.gt\/index.php?rest_route=%2Fwp%2Fv2%2Ftags&post=13687"}],"curies":[{"name":"wp","href":"https:\/\/api.w.org\/{rel}","templated":true}]}}