{"id":13700,"date":"2022-10-11T10:10:27","date_gmt":"2022-10-11T16:10:27","guid":{"rendered":"https:\/\/gobernacionaltaverapaz.gob.gt\/?p=13700"},"modified":"2022-11-02T12:16:02","modified_gmt":"2022-11-02T18:16:02","slug":"verificacin-cuantificacin-de-daos-en-el-territorio-altaverapatrega","status":"publish","type":"post","link":"https:\/\/gobernacionaltaverapaz.gob.gt\/?p=13700","title":{"rendered":"Verificaci\u00f3n y cuantificaci\u00f3n de da\u00f1os en el territorio Altaverapatrega"},"content":{"rendered":"<div class=\"xdj266r x11i5rnm xat24cr x1mh8g0r x1vvkbs x126k92a\">\n<div dir=\"auto\" style=\"text-align: justify;\">En cumplimiento a las instrucciones giradas por el Sr. Presidente Constitucional de Rep\u00fablica de Guatemala Dr. <a class=\"x1i10hfl xjbqb8w x6umtig x1b1mbwd xaqea5y xav7gou x9f619 x1ypdohk xt0psk2 xe8uvvx xdj266r x11i5rnm xat24cr x1mh8g0r xexx8yu x4uap5 x18d9i69 xkhd6sd x16tdsg8 x1hl2dhg xggy1nq x1a2a7pz xt0b8zv x1qq9wsj xo1l8bm\" tabindex=\"0\" role=\"link\" href=\"https:\/\/www.facebook.com\/AlejandroGiammattei?__cft__[0]=AZUxtlY8C_4vfzCspeaP7-f-lPa78sFzYXY1qdZ1Li1V3ctB2dDe8CZQa37yfdXfgFEIQbXQTfTO9hQQEd25TO8fnP0rz7E-rulteER5Bz26FIPWdTMWJ1IRuVKe-zWyvmpZWUlCBml04O6wVqQgNbcAn28ujKy--csezfvYjaibfUc5e9FpRoI5_n579_8rcio&amp;__tn__=-]K-R\"><span class=\"xt0psk2\">Alejandro Giammattei<\/span><\/a> ante los efectos del Fen\u00f3meno Tropical <a class=\"x1i10hfl xjbqb8w x6umtig x1b1mbwd xaqea5y xav7gou x9f619 x1ypdohk xt0psk2 xe8uvvx xdj266r x11i5rnm xat24cr x1mh8g0r xexx8yu x4uap5 x18d9i69 xkhd6sd x16tdsg8 x1hl2dhg xggy1nq x1a2a7pz xt0b8zv x1qq9wsj xo1l8bm\" tabindex=\"0\" role=\"link\" href=\"https:\/\/www.facebook.com\/hashtag\/julia?__eep__=6&amp;__cft__[0]=AZUxtlY8C_4vfzCspeaP7-f-lPa78sFzYXY1qdZ1Li1V3ctB2dDe8CZQa37yfdXfgFEIQbXQTfTO9hQQEd25TO8fnP0rz7E-rulteER5Bz26FIPWdTMWJ1IRuVKe-zWyvmpZWUlCBml04O6wVqQgNbcAn28ujKy--csezfvYjaibfUc5e9FpRoI5_n579_8rcio&amp;__tn__=*NK-R\">#Julia<\/a>, el Centro de Operaciones de Emergencia dirigido por el Dr. Fernando Rodriguez Klarck, Gobernador departamental, contin\u00faa con la verificaci\u00f3n y cuantificacion de da\u00f1os en el territorio Altaverapacense de esta manera poder direccionar el apoyo a los damnificados.<\/div>\n<\/div>\n<div class=\"x11i5rnm xat24cr x1mh8g0r x1vvkbs xtlvy1s x126k92a\">\n<div dir=\"auto\" style=\"text-align: justify;\">Por su parte las instituciones gubernamentales dan a conocer las acciones realizadas hasta al momento en apoyo de la poblaci\u00f3n necesitada.<\/div>\n<\/div>\n<div dir=\"auto\"><\/div>\n<div dir=\"auto\"><\/div>\n<div dir=\"auto\">\n<div><\/div>\n<\/div>\n<p>&nbsp;<\/p>\n","protected":false},"excerpt":{"rendered":"<p>En cumplimiento a las instrucciones giradas por el Sr. Presidente Constitucional de Rep\u00fablica de Guatemala Dr. Alejandro Giammattei ante los efectos del Fen\u00f3meno Tropical #Julia, el Centro de Operaciones de Emergencia dirigido por el Dr. Fernando Rodriguez Klarck, Gobernador departamental, contin\u00faa con la verificaci\u00f3n y cuantificacion de da\u00f1os en el territorio Altaverapacense de esta manera [&hellip;]<\/p>\n","protected":false},"author":1,"featured_media":13695,"comment_status":"closed","ping_status":"open","sticky":false,"template":"","format":"gallery","meta":[],"categories":[194],"tags":[178],"_links":{"self":[{"href":"https:\/\/gobernacionaltaverapaz.gob.gt\/index.php?rest_route=\/wp\/v2\/posts\/13700"}],"collection":[{"href":"https:\/\/gobernacionaltaverapaz.gob.gt\/index.php?rest_route=\/wp\/v2\/posts"}],"about":[{"href":"https:\/\/gobernacionaltaverapaz.gob.gt\/index.php?rest_route=\/wp\/v2\/types\/post"}],"author":[{"embeddable":true,"href":"https:\/\/gobernacionaltaverapaz.gob.gt\/index.php?rest_route=\/wp\/v2\/users\/1"}],"replies":[{"embeddable":true,"href":"https:\/\/gobernacionaltaverapaz.gob.gt\/index.php?rest_route=%2Fwp%2Fv2%2Fcomments&post=13700"}],"version-history":[{"count":1,"href":"https:\/\/gobernacionaltaverapaz.gob.gt\/index.php?rest_route=\/wp\/v2\/posts\/13700\/revisions"}],"predecessor-version":[{"id":13701,"href":"https:\/\/gobernacionaltaverapaz.gob.gt\/index.php?rest_route=\/wp\/v2\/posts\/13700\/revisions\/13701"}],"wp:featuredmedia":[{"embeddable":true,"href":"https:\/\/gobernacionaltaverapaz.gob.gt\/index.php?rest_route=\/wp\/v2\/media\/13695"}],"wp:attachment":[{"href":"https:\/\/gobernacionaltaverapaz.gob.gt\/index.php?rest_route=%2Fwp%2Fv2%2Fmedia&parent=13700"}],"wp:term":[{"taxonomy":"category","embeddable":true,"href":"https:\/\/gobernacionaltaverapaz.gob.gt\/index.php?rest_route=%2Fwp%2Fv2%2Fcategories&post=13700"},{"taxonomy":"post_tag","embeddable":true,"href":"https:\/\/gobernacionaltaverapaz.gob.gt\/index.php?rest_route=%2Fwp%2Fv2%2Ftags&post=13700"}],"curies":[{"name":"wp","href":"https:\/\/api.w.org\/{rel}","templated":true}]}}