{"id":13734,"date":"2022-10-12T18:29:22","date_gmt":"2022-10-13T00:29:22","guid":{"rendered":"https:\/\/gobernacionaltaverapaz.gob.gt\/?p=13734"},"modified":"2022-11-03T11:02:54","modified_gmt":"2022-11-03T17:02:54","slug":"centro-de-operaciones-de-emergencia-de-alta-verapaz","status":"publish","type":"post","link":"https:\/\/gobernacionaltaverapaz.gob.gt\/?p=13734","title":{"rendered":"Centro de Operaciones de Emergencia de Alta Verapaz"},"content":{"rendered":"<p style=\"text-align: justify;\">En cumplimiento a las instrucciones giradas por el Sr. Presidente Constitucional de Rep\u00fablica de Guatemala Dr. <a href=\"https:\/\/www.facebook.com\/AlejandroGiammattei?__cft__%5b0%5d=AZUNCeOCDOl9WWp0oa3ZwbaAfvZDTZ-f6jkM6GSs011sEFOIhCQatyduSXAuvSodIAyIbi3zK_4-oY6oVBJOtbLew8ogfCstPLwYdjsJWdbwvyfbjhVkhTW-DSf5cbSiCXSkoaBXxS5uMqNV96jRDETMI-fU6Us5AJKw4MS7OC6hlAl52Bdek00Qk5nUYEqSb3U&amp;__tn__=-%5dK-R\">Alejandro Giammattei<\/a>, ante los efectos del Fen\u00f3meno Tropical <a href=\"https:\/\/www.facebook.com\/hashtag\/julia?__eep__=6&amp;__cft__%5b0%5d=AZUNCeOCDOl9WWp0oa3ZwbaAfvZDTZ-f6jkM6GSs011sEFOIhCQatyduSXAuvSodIAyIbi3zK_4-oY6oVBJOtbLew8ogfCstPLwYdjsJWdbwvyfbjhVkhTW-DSf5cbSiCXSkoaBXxS5uMqNV96jRDETMI-fU6Us5AJKw4MS7OC6hlAl52Bdek00Qk5nUYEqSb3U&amp;__tn__=*NK-R\">#Julia<\/a>, por cuarto d\u00eda consecutivo el Centro de Operaciones de Emergencia de <a href=\"https:\/\/www.facebook.com\/hashtag\/altaverapaz?__eep__=6&amp;__cft__%5b0%5d=AZUNCeOCDOl9WWp0oa3ZwbaAfvZDTZ-f6jkM6GSs011sEFOIhCQatyduSXAuvSodIAyIbi3zK_4-oY6oVBJOtbLew8ogfCstPLwYdjsJWdbwvyfbjhVkhTW-DSf5cbSiCXSkoaBXxS5uMqNV96jRDETMI-fU6Us5AJKw4MS7OC6hlAl52Bdek00Qk5nUYEqSb3U&amp;__tn__=*NK-R\">#AltaVerapaz<\/a> dirigido por el Dr. Fernando Rodr\u00edguez Klarck, Gobernador departamental, contin\u00faa con la verificaci\u00f3n y cuantificaci\u00f3n de da\u00f1os en el territorio de tal manera que los recursos ingresados al departamento el d\u00eda de hoy puedan ser entregados a los vecinos Altaverapacenses damnificados.<\/p>\n<p>&nbsp;<\/p>\n<div><\/div>\n","protected":false},"excerpt":{"rendered":"<p>En cumplimiento a las instrucciones giradas por el Sr. Presidente Constitucional de Rep\u00fablica de Guatemala Dr. Alejandro Giammattei, ante los efectos del Fen\u00f3meno Tropical #Julia, por cuarto d\u00eda consecutivo el Centro de Operaciones de Emergencia de #AltaVerapaz dirigido por el Dr. Fernando Rodr\u00edguez Klarck, Gobernador departamental, contin\u00faa con la verificaci\u00f3n y cuantificaci\u00f3n de da\u00f1os en [&hellip;]<\/p>\n","protected":false},"author":1,"featured_media":13728,"comment_status":"closed","ping_status":"open","sticky":false,"template":"","format":"gallery","meta":[],"categories":[194],"tags":[178],"_links":{"self":[{"href":"https:\/\/gobernacionaltaverapaz.gob.gt\/index.php?rest_route=\/wp\/v2\/posts\/13734"}],"collection":[{"href":"https:\/\/gobernacionaltaverapaz.gob.gt\/index.php?rest_route=\/wp\/v2\/posts"}],"about":[{"href":"https:\/\/gobernacionaltaverapaz.gob.gt\/index.php?rest_route=\/wp\/v2\/types\/post"}],"author":[{"embeddable":true,"href":"https:\/\/gobernacionaltaverapaz.gob.gt\/index.php?rest_route=\/wp\/v2\/users\/1"}],"replies":[{"embeddable":true,"href":"https:\/\/gobernacionaltaverapaz.gob.gt\/index.php?rest_route=%2Fwp%2Fv2%2Fcomments&post=13734"}],"version-history":[{"count":1,"href":"https:\/\/gobernacionaltaverapaz.gob.gt\/index.php?rest_route=\/wp\/v2\/posts\/13734\/revisions"}],"predecessor-version":[{"id":13735,"href":"https:\/\/gobernacionaltaverapaz.gob.gt\/index.php?rest_route=\/wp\/v2\/posts\/13734\/revisions\/13735"}],"wp:featuredmedia":[{"embeddable":true,"href":"https:\/\/gobernacionaltaverapaz.gob.gt\/index.php?rest_route=\/wp\/v2\/media\/13728"}],"wp:attachment":[{"href":"https:\/\/gobernacionaltaverapaz.gob.gt\/index.php?rest_route=%2Fwp%2Fv2%2Fmedia&parent=13734"}],"wp:term":[{"taxonomy":"category","embeddable":true,"href":"https:\/\/gobernacionaltaverapaz.gob.gt\/index.php?rest_route=%2Fwp%2Fv2%2Fcategories&post=13734"},{"taxonomy":"post_tag","embeddable":true,"href":"https:\/\/gobernacionaltaverapaz.gob.gt\/index.php?rest_route=%2Fwp%2Fv2%2Ftags&post=13734"}],"curies":[{"name":"wp","href":"https:\/\/api.w.org\/{rel}","templated":true}]}}